{"id":1246,"date":"2019-02-28T11:03:45","date_gmt":"2019-02-28T11:03:45","guid":{"rendered":"https:\/\/senzor.ba\/?p=1246"},"modified":"2024-01-15T21:49:51","modified_gmt":"2024-01-15T20:49:51","slug":"komisija-za-ocuvanje-nacionalnih-spomenika-jos-tri-objekta-nacionalni-spomenici","status":"publish","type":"post","link":"https:\/\/tvsensor.com\/clanak\/komisija-za-ocuvanje-nacionalnih-spomenika-jos-tri-objekta-nacionalni-spomenici\/","title":{"rendered":"Komisija za o\u010duvanje nacionalnih spomenika: Jo\u0161 tri objekta nacionalni spomenici"},"content":{"rendered":"\n<p>Komisija za o\u010duvanje nacionalnih spomenika Bosne i Hercegovine \nproglasila je zgradu Mehmedbega Fadilpa\u0161i\u0107a u Sarajevu, d\u017eamiju D\u017eivar u\n Trebinju i Jalsku d\u017eamiju sa haremom u Tuzli nacionalnim spomenicima \nBiH.<\/p>\n\n\n\n<p>Predsjedavaju\u0107i Komisije Amir Pa\u0161i\u0107 i \u010dlanovi Radoje Vidovi\u0107 i Goran \nMilojevi\u0107 odluku o progla\u0161enju nacionalnim spomenicima BiH donijeli su \nna ju\u010dera\u0161njoj sjednici u Sarajevu.<\/p>\n\n\n\n<p>Nacionalnim spomenikom progla\u0161ena je Historijska gra\u0111evina \u2013 Stambena\n zgrada u ulici Franjeva\u010dka br. 2 (zgrada Mehmedbega Fadilpa\u0161i\u0107a) u \nSarajevu, op\u0107ina Stari Grad (FBiH).<\/p>\n\n\n\n<p>Tako\u0111er je i Historijska gra\u0111evina \u2013 d\u017eamija D\u017eivar u Donjem \u010ci\u010devu \nkod Trebinja, grad Trebinje (RS) progla\u0161ena nacionalnim spomenikom BiH, \nali i Graditeljska cjelina \u2013 Jalska (Mehmed-agina ili Kizler, \ndjevoja\u010dka, Hafiz-hanumina) d\u017eamija sa haremom u Tuzli, grad Tuzla \n(FBiH).<\/p>\n\n\n\n<p>Pored toga, Komisija je donijela odluke o neispunjavanju kriterija za progla\u0161enje \u0161est dobara nacionalnim spomenicima BiH.<\/p>\n\n\n\n<p>U pitanju su Ahmed-dedino turbe u Banjoj Luci, d\u017eamija u Gornjem \nLukavcu (Donji d\u017eemat), d\u017eamija u Gornjem Lukavcu (Gornji d\u017eemat), \nd\u017eamija Me\u0111i\u0111a Donja, d\u017eamija Me\u0111i\u0111a Gornja, te d\u017eamija Biberovo Polje, \nop\u0107ina Grada\u010dac.<\/p>\n\n\n\n<p>Usvojena je Odluka o produ\u017eenju re\u017eima za\u0161tite za jedno dobro sa Liste peticija, saop\u0107eno je iz Komisije.<\/p>\n","protected":false},"excerpt":{"rendered":"<p>Komisija za o\u010duvanje nacionalnih spomenika Bosne i Hercegovine proglasila je zgradu Mehmedbega Fadilpa\u0161i\u0107a u Sarajevu, d\u017eamiju D\u017eivar u Trebinju i Jalsku d\u017eamiju sa haremom u Tuzli nacionalnim spomenicima BiH. Predsjedavaju\u0107i Komisije Amir Pa\u0161i\u0107 i \u010dlanovi Radoje Vidovi\u0107 i Goran Milojevi\u0107 odluku o progla\u0161enju nacionalnim spomenicima BiH donijeli su na ju\u010dera\u0161njoj sjednici u Sarajevu. Nacionalnim spomenikom [&hellip;]<\/p>\n","protected":false},"author":59,"featured_media":1247,"comment_status":"open","ping_status":"closed","sticky":false,"template":"","format":"standard","meta":{"inline_featured_image":false,"footnotes":""},"categories":[47,46],"tags":[],"class_list":{"0":"post-1246","1":"post","2":"type-post","3":"status-publish","4":"format-standard","5":"has-post-thumbnail","7":"category-historija","8":"category-kultura"},"acf":[],"_links":{"self":[{"href":"https:\/\/tvsensor.com\/api\/wp\/v2\/posts\/1246","targetHints":{"allow":["GET"]}}],"collection":[{"href":"https:\/\/tvsensor.com\/api\/wp\/v2\/posts"}],"about":[{"href":"https:\/\/tvsensor.com\/api\/wp\/v2\/types\/post"}],"author":[{"embeddable":true,"href":"https:\/\/tvsensor.com\/api\/wp\/v2\/users\/59"}],"replies":[{"embeddable":true,"href":"https:\/\/tvsensor.com\/api\/wp\/v2\/comments?post=1246"}],"version-history":[{"count":1,"href":"https:\/\/tvsensor.com\/api\/wp\/v2\/posts\/1246\/revisions"}],"predecessor-version":[{"id":1248,"href":"https:\/\/tvsensor.com\/api\/wp\/v2\/posts\/1246\/revisions\/1248"}],"wp:featuredmedia":[{"embeddable":true,"href":"https:\/\/tvsensor.com\/api\/wp\/v2\/media\/1247"}],"wp:attachment":[{"href":"https:\/\/tvsensor.com\/api\/wp\/v2\/media?parent=1246"}],"wp:term":[{"taxonomy":"category","embeddable":true,"href":"https:\/\/tvsensor.com\/api\/wp\/v2\/categories?post=1246"},{"taxonomy":"post_tag","embeddable":true,"href":"https:\/\/tvsensor.com\/api\/wp\/v2\/tags?post=1246"}],"curies":[{"name":"wp","href":"https:\/\/api.w.org\/{rel}","templated":true}]}}