{"id":1226,"date":"2019-02-27T12:02:09","date_gmt":"2019-02-27T12:02:09","guid":{"rendered":"https:\/\/senzor.ba\/?p=1226"},"modified":"2024-01-15T21:49:51","modified_gmt":"2024-01-15T20:49:51","slug":"akademik-mirko-pejanovic-i-pripadnici-srpskog-naroda-su-glasali-za-nezavisnost-bih","status":"publish","type":"post","link":"https:\/\/tvsensor.com\/clanak\/akademik-mirko-pejanovic-i-pripadnici-srpskog-naroda-su-glasali-za-nezavisnost-bih\/","title":{"rendered":"Akademik Mirko Pejanovi\u0107: I pripadnici srpskog naroda su glasali za nezavisnost BiH"},"content":{"rendered":"\n<p>Neminovnost za republi\u010dki referendum \ngra\u0111ana o nezavisnosti Bosne i Hercegovine proisticala je iz istorijskog\n konteksta, poru\u010dio je povodom 1. marta, Dana nezavisnosti BiH, u \nintervjuu za Anadolu Agency (AA) akademik Mirko Pejanovi\u0107, \u010dlan ratnog \nPredsjedni\u0161tva RBiH. <\/p>\n\n\n\n<p>Profesor Pejanovi\u0107 pojasnio je \u0161ta je istorijski kontekst.<\/p>\n\n\n\n<p>&#8220;Negdje\n 1990., 1991.\/1992. godine odvijao se proces disolucije jugoslovenske \nsocijalisti\u010dke federacije. Neki radije vole re\u0107i raspad. Ali, to je \nuistinu bila disolucija. I naravno, tra\u017eilo se rje\u0161enje kako pro\u0107i tu \ndisoluciju. Jedna opcija je bila sa\u010duvati jugoslovensku federaciju uz \nneke reforme. Ali, tu koncepciju, tu opciju nisu podr\u017eale ve\u0107ina \ntada\u0161njih republika koje su \u010dinile jugoslovensku federaciju. Jedna od \nideja bila je od predsjednika BiH i Makedonije Alije Izetbegovi\u0107a i Kire\n Gligorova da se napravi asimetri\u010dna federacija, da ostane neki oblik \nzajedni\u010dke dr\u017eave. Me\u0111utim, ni to nije prihva\u0107eno. To nije prihva\u0107eno od\n onih koji su tada imali najvi\u0161e odstupanja od toga, a to su Republika \nSrbija i Republika Hrvatska i njihovi lideri. I naravno onda je samo po \nsebi do\u0161la na djelo tre\u0107a opcija, a to je da jugoslovenske republike \nkoje su kroz odluke AVNOJ-a formirale jugoslovensku federaciju se odlu\u010de\n za progla\u0161enje svoje nezavisnosti i suverenosti&#8221;, istakao je Pejanovi\u0107.\n <\/p>\n","protected":false},"excerpt":{"rendered":"<p>Neminovnost za republi\u010dki referendum gra\u0111ana o nezavisnosti Bosne i Hercegovine proisticala je iz istorijskog konteksta, poru\u010dio je povodom 1. marta, Dana nezavisnosti BiH, u intervjuu za Anadolu Agency (AA) akademik Mirko Pejanovi\u0107, \u010dlan ratnog Predsjedni\u0161tva RBiH. Profesor Pejanovi\u0107 pojasnio je \u0161ta je istorijski kontekst. &#8220;Negdje 1990., 1991.\/1992. godine odvijao se proces disolucije jugoslovenske socijalisti\u010dke federacije. [&hellip;]<\/p>\n","protected":false},"author":59,"featured_media":1227,"comment_status":"open","ping_status":"closed","sticky":false,"template":"","format":"standard","meta":{"inline_featured_image":false,"footnotes":""},"categories":[47,46],"tags":[],"class_list":{"0":"post-1226","1":"post","2":"type-post","3":"status-publish","4":"format-standard","5":"has-post-thumbnail","7":"category-historija","8":"category-kultura"},"acf":[],"_links":{"self":[{"href":"https:\/\/tvsensor.com\/api\/wp\/v2\/posts\/1226","targetHints":{"allow":["GET"]}}],"collection":[{"href":"https:\/\/tvsensor.com\/api\/wp\/v2\/posts"}],"about":[{"href":"https:\/\/tvsensor.com\/api\/wp\/v2\/types\/post"}],"author":[{"embeddable":true,"href":"https:\/\/tvsensor.com\/api\/wp\/v2\/users\/59"}],"replies":[{"embeddable":true,"href":"https:\/\/tvsensor.com\/api\/wp\/v2\/comments?post=1226"}],"version-history":[{"count":1,"href":"https:\/\/tvsensor.com\/api\/wp\/v2\/posts\/1226\/revisions"}],"predecessor-version":[{"id":1228,"href":"https:\/\/tvsensor.com\/api\/wp\/v2\/posts\/1226\/revisions\/1228"}],"wp:featuredmedia":[{"embeddable":true,"href":"https:\/\/tvsensor.com\/api\/wp\/v2\/media\/1227"}],"wp:attachment":[{"href":"https:\/\/tvsensor.com\/api\/wp\/v2\/media?parent=1226"}],"wp:term":[{"taxonomy":"category","embeddable":true,"href":"https:\/\/tvsensor.com\/api\/wp\/v2\/categories?post=1226"},{"taxonomy":"post_tag","embeddable":true,"href":"https:\/\/tvsensor.com\/api\/wp\/v2\/tags?post=1226"}],"curies":[{"name":"wp","href":"https:\/\/api.w.org\/{rel}","templated":true}]}}