{"id":1223,"date":"2019-02-27T11:59:46","date_gmt":"2019-02-27T11:59:46","guid":{"rendered":"https:\/\/senzor.ba\/?p=1223"},"modified":"2024-01-15T21:49:51","modified_gmt":"2024-01-15T20:49:51","slug":"kashmir-kriza-koja-izaziva-sukobe-izmedu-pakistana-i-indije","status":"publish","type":"post","link":"https:\/\/tvsensor.com\/clanak\/kashmir-kriza-koja-izaziva-sukobe-izmedu-pakistana-i-indije\/","title":{"rendered":"Kashmir, kriza koja izaziva sukobe izme\u0111u Pakistana i Indije"},"content":{"rendered":"\n<p>Regija Kashmira predstavlja vi\u0161edecenijski\n izvor problema i sukoba izme\u0111u dvije velike azijske sile Pakistana i \nIndije, javlja Anadolu Agency (AA).<\/p>\n\n\n\n<p>Kriza\n u Kashmiru datira jo\u0161 iz 1947. godine kada je Velika Britanija \nnapustila to podru\u010dje bez rje\u0161avanja statusa regije. Muslimani \u010dine 90 \nposto populacije Kashmira koja je po povla\u010denju Britanaca tra\u017eila da se \nta regija pripoji Pakistanu. Tada\u0161nji knez ipak je odlu\u010dio da Kashmir \npripoji Indiji. <\/p>\n\n\n\n<p>Pakistan i Indija su \ntako 1947. godine u\u0161le u prvi rat za Kashmir. Istim povodom dvije zemlje\n su ratovale ponovo 1965. i 1999. godine.<\/p>\n\n\n\n<p>Indija\n kontrolira oko 45 posto Kashmira, Pakistan oko 35, a Kina 20 posto. \nIndijski dio je nazvan Jammu i Kashmir i danas je jedina dominantno \nmuslimanska pokrajina u Indiji. Pakistan je dijelu Kashmira koji je pod \nnjegovom kontrolom dao status dvije autonomne teritorije nazvane Azad \nKashmir (Slobodni Kashmir) i Gilgit-Baltistan. <\/p>\n\n\n\n<p>Vije\u0107e\n sigurnosti Ujedinjenih nacija nizom rezolucija predvi\u0111a da se status \nKashmira rije\u0161i voljom tamo\u0161njeg naroda i da se ta regija \ndemilitarizira. Takav scenario zagovara i Pakistan, ali ne i Indija.<\/p>\n\n\n\n<p>Tenzije\n u kriznom Kashmiru eskalirale su 14. februara kada su u bomba\u0161kom \nnapadu na paramilitarni konvoj ubijena 44 i ranjeno 20 vojnika u Indiji.\n Indija je za napad optu\u017eila Pakistan, a zvani\u010dni Islamabad je odbacio \noptu\u017ebe i osudio taj napad. Indijske snage su 26. februara izvele zra\u010dne\n napade na kamp koji se nalazi na pakistanskoj strani linije \nrazgrani\u010denja.<\/p>\n\n\n\n<p>Tenzije su eskalirale \njutros kada je pakistanska vojska sru\u0161ila dva aviona indijske vojske \nkoji su ugrozili zra\u010dni prostor Pakistana. S druge strane, tri \npakistanska aviona su tako\u0111er u\u0161la u indijski zra\u010dni prostor i izazvali \nreakciju indijskih snaga. Lokalni mediji javljaju da su indijske snage \nsru\u0161ile pakistanski bombarder F16.<\/p>\n\n\n\n<p>Zbog\n sukoba u Kashmiru, vlasti Pakistana i Indije su zatvorile ve\u0107inu \naerodroma i zatvorile zra\u010dni prostor za civilne letove. Pakistan je \nsaop\u0107io da je do daljnjeg blokirao zra\u010dni prostor za sve komercijalne \nletove. <\/p>\n","protected":false},"excerpt":{"rendered":"<p>Regija Kashmira predstavlja vi\u0161edecenijski izvor problema i sukoba izme\u0111u dvije velike azijske sile Pakistana i Indije, javlja Anadolu Agency (AA). Kriza u Kashmiru datira jo\u0161 iz 1947. godine kada je Velika Britanija napustila to podru\u010dje bez rje\u0161avanja statusa regije. Muslimani \u010dine 90 posto populacije Kashmira koja je po povla\u010denju Britanaca tra\u017eila da se ta regija [&hellip;]<\/p>\n","protected":false},"author":59,"featured_media":1224,"comment_status":"open","ping_status":"closed","sticky":false,"template":"","format":"standard","meta":{"inline_featured_image":false,"footnotes":""},"categories":[41,37],"tags":[],"class_list":{"0":"post-1223","1":"post","2":"type-post","3":"status-publish","4":"format-standard","5":"has-post-thumbnail","7":"category-svijet","8":"category-vijesti"},"acf":[],"_links":{"self":[{"href":"https:\/\/tvsensor.com\/api\/wp\/v2\/posts\/1223","targetHints":{"allow":["GET"]}}],"collection":[{"href":"https:\/\/tvsensor.com\/api\/wp\/v2\/posts"}],"about":[{"href":"https:\/\/tvsensor.com\/api\/wp\/v2\/types\/post"}],"author":[{"embeddable":true,"href":"https:\/\/tvsensor.com\/api\/wp\/v2\/users\/59"}],"replies":[{"embeddable":true,"href":"https:\/\/tvsensor.com\/api\/wp\/v2\/comments?post=1223"}],"version-history":[{"count":1,"href":"https:\/\/tvsensor.com\/api\/wp\/v2\/posts\/1223\/revisions"}],"predecessor-version":[{"id":1225,"href":"https:\/\/tvsensor.com\/api\/wp\/v2\/posts\/1223\/revisions\/1225"}],"wp:featuredmedia":[{"embeddable":true,"href":"https:\/\/tvsensor.com\/api\/wp\/v2\/media\/1224"}],"wp:attachment":[{"href":"https:\/\/tvsensor.com\/api\/wp\/v2\/media?parent=1223"}],"wp:term":[{"taxonomy":"category","embeddable":true,"href":"https:\/\/tvsensor.com\/api\/wp\/v2\/categories?post=1223"},{"taxonomy":"post_tag","embeddable":true,"href":"https:\/\/tvsensor.com\/api\/wp\/v2\/tags?post=1223"}],"curies":[{"name":"wp","href":"https:\/\/api.w.org\/{rel}","templated":true}]}}