{"id":1220,"date":"2019-02-27T11:57:14","date_gmt":"2019-02-27T11:57:14","guid":{"rendered":"https:\/\/senzor.ba\/?p=1220"},"modified":"2024-01-15T21:49:52","modified_gmt":"2024-01-15T20:49:52","slug":"koliko-ce-kostati-voznja-autoputem-od-sarajeva-do-beograda","status":"publish","type":"post","link":"https:\/\/tvsensor.com\/clanak\/koliko-ce-kostati-voznja-autoputem-od-sarajeva-do-beograda\/","title":{"rendered":"Koliko \u0107e ko\u0161tati vo\u017enja autoputem od Sarajeva do Beograda"},"content":{"rendered":"\n<h4 class=\"wp-block-heading\">Entiteteske i dr\u017eavne vlasti u BiH ju\u010der su saop\u0161tile da su \nusaglasile trase budu\u0107eg autoputa Sarajevo \u2013 Beograd koji \u0107e se \nfinansirati turskim kreditima.<\/h4>\n\n\n\n<p>Prema analizi BiznisInfa, zapravo je rije\u010d o mre\u017ei autoputeva i brzih\n cesta koje su svakako bile u planu izgradnje vlasti oba entiteta, i \nkoji \u0107e sada samo dobiti novo ime: autoput Sarajevo \u2013 Beograd.<\/p>\n\n\n\n<p>Naprimjer, dio koridora kroz Federaciju bio bi autoput \u017dep\u010de-Tuzla-Br\u010dko o kojem vlasti pri\u010daju ve\u0107 decenijama.<\/p>\n\n\n\n<p>Od \u017dep\u010da bi se nastavljalo ka Sarajevu Koridorom 5C.<\/p>\n\n\n\n<p>Kada je rije\u010d o RS, tako\u0111er se radi o planiranom autoputu kojim je \nzapravo dio koridora Banjaluka \u2013 Beograd sjevernim dijelom RS, i brzoj \ncesti Pale-Rogatica-Vi\u0161egrad na jugu.<\/p>\n\n\n\n<p>Naravno, nema ni\u0161ta sporno u tome da ova prilika iskoristi za izgradnju ovih putnih pravaca.<\/p>\n\n\n\n<p>No, pitanje je da li koliko \u0107e vo\u017enja autoputem od Sarajeva do \nBeograda (preko Tuzle) biti isplativa za obi\u010dne voza\u010de, kada se uzme u \nobzir \u010dinjenica da ta trasa za koju se Federacija borila ide prili\u010dno \nzaobilaznim putem.<\/p>\n\n\n\n<h4 class=\"wp-block-heading\">Putarina<\/h4>\n\n\n\n<p>Trenutno se u Federaciji, na dijelu autoputa od Sarajeva do Zenice, \njedinom izgra\u0111enom dijelu koji \u0107e biti dio koridora ka Beogradu, pla\u0107a \ncestarina od 12 feninga po pre\u0111enom kilometru, odnosno 6 KM za 51 \nkilometar autoputa. &nbsp;<\/p>\n\n\n\n<p>Udaljnost izme\u0111u Zenice i \u017dep\u010da je oko 40 kilometara, a izme\u0111u \u017dep\u010da i Tuzle oko 85 kilometara.<\/p>\n\n\n\n<p>Najmanja udaljenost izme\u0111u Tuzle i Br\u010dkog je 56 kilometara (iako \u0107e \nudaljenost autoputem biti ne\u0161to ve\u0107a jer je najavljena trasa preko \nLon\u010dara, koji se nalaze zapadno od Br\u010dkog).<\/p>\n\n\n\n<p>Udaljenost od Br\u010dkog do Bijeljine je oko 45 kilometara. Od Bijeljine do Kuzmina (u Srbiji) ima jo\u0161 oko 50 kilometara.<\/p>\n\n\n\n<p>Prema gruboj procjeni, bez preciznih detalja o trasi, rije\u010d je o 275 \nkilometara. Uz pretpostavku da bi se i na toj trasi napla\u0107ivala putarina\n kao i na Koridoru 5C od 12 feninga po kilometru, dolazimo do iznosa od \noko 33 KM.<\/p>\n\n\n\n<p>Kada se tome doda spomenutih 6 KM za dio do Zenice, te 5 KM koji se \npla\u0107aju na postoje\u0107em autoputu Kuzmin \u2013 Beograd, dolazimo do \npretpostavke da bi putarina od Sarajeva do Beograda mogla iznositi oko \n44 KM u jednom smjeru.<\/p>\n\n\n\n<p>Ova cijena va\u017ei samo za putni\u010dka vozila, a mno\u017ei se sa 2, 3 i 4 za \nve\u0107e kategorije \u2013 kombije, vozila s prikolicama, kamione, autobuse i sl.<\/p>\n\n\n\n<p>S obzirom da autoput na nekim dijelovima pravi \u010dudne izbo\u010dine \n(naprimjer Tuzla \u2013 Br\u010dko \u2013 Bijeljina), mo\u017ee se pretpostaviti i da \u0107e ga \nneki voza\u010di djelimi\u010dno koristiti a drugim djelom voziti postoje\u0107im \nmagistralama koje su besplatne a ujedno kra\u0107e.<\/p>\n\n\n\n<p>Od Tuzle \u0107e se i\u0107i ili direktno za Bijeljinu ili \u0107e se od Br\u010dkog produ\u017eiti u Hrvatsku na autoput Zagreb \u2013 Beograd.<\/p>\n\n\n\n<p>Naravno, jo\u0161 nema naznaka koliko \u0107e iznositi putarina. No, ako se zna  da \u0107e cijeli projekat ko\u0161tati oko 3 milijarde eura, jasno je da \u0107e se  znatan dio novca morati nadoknaditi upravo preko cestarine.<\/p>\n\n\n\n<p><a href=\"https:\/\/www.biznisinfo.ba\/koliko-ce-kostati-voznja-autoputem-od-sarajeva-do-beograda\/\">BiznisInfo<\/a><\/p>\n","protected":false},"excerpt":{"rendered":"<p>Entiteteske i dr\u017eavne vlasti u BiH ju\u010der su saop\u0161tile da su usaglasile trase budu\u0107eg autoputa Sarajevo \u2013 Beograd koji \u0107e se finansirati turskim kreditima. Prema analizi BiznisInfa, zapravo je rije\u010d o mre\u017ei autoputeva i brzih cesta koje su svakako bile u planu izgradnje vlasti oba entiteta, i koji \u0107e sada samo dobiti novo ime: autoput [&hellip;]<\/p>\n","protected":false},"author":59,"featured_media":1221,"comment_status":"open","ping_status":"closed","sticky":false,"template":"","format":"standard","meta":{"inline_featured_image":false,"footnotes":""},"categories":[40,37,38],"tags":[],"class_list":{"0":"post-1220","1":"post","2":"type-post","3":"status-publish","4":"format-standard","5":"has-post-thumbnail","7":"category-region","8":"category-vijesti","9":"category-vijesti-iz-bih"},"acf":[],"_links":{"self":[{"href":"https:\/\/tvsensor.com\/api\/wp\/v2\/posts\/1220","targetHints":{"allow":["GET"]}}],"collection":[{"href":"https:\/\/tvsensor.com\/api\/wp\/v2\/posts"}],"about":[{"href":"https:\/\/tvsensor.com\/api\/wp\/v2\/types\/post"}],"author":[{"embeddable":true,"href":"https:\/\/tvsensor.com\/api\/wp\/v2\/users\/59"}],"replies":[{"embeddable":true,"href":"https:\/\/tvsensor.com\/api\/wp\/v2\/comments?post=1220"}],"version-history":[{"count":1,"href":"https:\/\/tvsensor.com\/api\/wp\/v2\/posts\/1220\/revisions"}],"predecessor-version":[{"id":1222,"href":"https:\/\/tvsensor.com\/api\/wp\/v2\/posts\/1220\/revisions\/1222"}],"wp:featuredmedia":[{"embeddable":true,"href":"https:\/\/tvsensor.com\/api\/wp\/v2\/media\/1221"}],"wp:attachment":[{"href":"https:\/\/tvsensor.com\/api\/wp\/v2\/media?parent=1220"}],"wp:term":[{"taxonomy":"category","embeddable":true,"href":"https:\/\/tvsensor.com\/api\/wp\/v2\/categories?post=1220"},{"taxonomy":"post_tag","embeddable":true,"href":"https:\/\/tvsensor.com\/api\/wp\/v2\/tags?post=1220"}],"curies":[{"name":"wp","href":"https:\/\/api.w.org\/{rel}","templated":true}]}}