{"id":1217,"date":"2019-02-27T11:48:39","date_gmt":"2019-02-27T11:48:39","guid":{"rendered":"https:\/\/senzor.ba\/?p=1217"},"modified":"2024-01-15T21:49:52","modified_gmt":"2024-01-15T20:49:52","slug":"tuka-svojoj-bih-zelim-donijeti-jos-jednu-medalju-sa-velikih-takmicenja","status":"publish","type":"post","link":"https:\/\/tvsensor.com\/clanak\/tuka-svojoj-bih-zelim-donijeti-jos-jednu-medalju-sa-velikih-takmicenja\/","title":{"rendered":"Tuka: Svojoj BiH \u017eelim donijeti jo\u0161 jednu medalju sa velikih takmi\u010denja"},"content":{"rendered":"\n<p>Amel Tuka, najbolji bosanskohercegova\u010dki atleti\u010dar, izjavio je da je \nspreman za predstoje\u0107e Evropsko dvoransko prvenstvo u Glazgovu \n(\u0160kotska).<\/p>\n\n\n\n<p>&#8220;Imao sam dobre trke, zadovoljan sam rezultatima. Osvajao sam prva \nmjesta \u0161to mi daje samopouzdanje, tako da spremno do\u010dekujemo Evropsko \nprvenstvo&#8221;, rekao je Tuka, javlja Anadolu Agency (AA).<\/p>\n\n\n\n<p>Vjeruje i da mo\u017ee osvojiti medalju na \u0161ampionatu Starog kontinenta u trci na 800 metara.<\/p>\n\n\n\n<p>&#8220;O medalji je te\u0161ko pri\u010dati. Prvo treba pro\u0107i kvalifikacije i \npolufinale pa do\u0107i u finale. U tri dana imat \u0107emo tri trke. \u017delim i\u0107i \nkorak po korak. Prvo se psihi\u010dki spremiti za kvalifikacije te polufinale\n pa plasirati se u finale. Kada do\u0111e taj dan dat \u0107u sve karte da bih \nborio za postolje, da bih svojoj dr\u017eavi donio jo\u0161 jednu medalju s \nvelikih takmi\u010denja&#8221;, istakao je Tuka, koji je na Svjetskom prvenstvu u \nPekingu 2015. godine osvojio bronzanu medalju u trci na 800 metara.<\/p>\n\n\n\n<p>Evropsko dvoransko atletsko prvenstvo u Glazgovu odr\u017eat \u0107e se od 1. do 3. marta., prenosi Fena.<\/p>\n","protected":false},"excerpt":{"rendered":"<p>Amel Tuka, najbolji bosanskohercegova\u010dki atleti\u010dar, izjavio je da je spreman za predstoje\u0107e Evropsko dvoransko prvenstvo u Glazgovu (\u0160kotska). &#8220;Imao sam dobre trke, zadovoljan sam rezultatima. Osvajao sam prva mjesta \u0161to mi daje samopouzdanje, tako da spremno do\u010dekujemo Evropsko prvenstvo&#8221;, rekao je Tuka, javlja Anadolu Agency (AA). Vjeruje i da mo\u017ee osvojiti medalju na \u0161ampionatu Starog [&hellip;]<\/p>\n","protected":false},"author":59,"featured_media":1218,"comment_status":"open","ping_status":"closed","sticky":false,"template":"","format":"standard","meta":{"inline_featured_image":false,"footnotes":""},"categories":[64,61],"tags":[],"class_list":{"0":"post-1217","1":"post","2":"type-post","3":"status-publish","4":"format-standard","5":"has-post-thumbnail","7":"category-ostalo","8":"category-sport"},"acf":[],"_links":{"self":[{"href":"https:\/\/tvsensor.com\/api\/wp\/v2\/posts\/1217","targetHints":{"allow":["GET"]}}],"collection":[{"href":"https:\/\/tvsensor.com\/api\/wp\/v2\/posts"}],"about":[{"href":"https:\/\/tvsensor.com\/api\/wp\/v2\/types\/post"}],"author":[{"embeddable":true,"href":"https:\/\/tvsensor.com\/api\/wp\/v2\/users\/59"}],"replies":[{"embeddable":true,"href":"https:\/\/tvsensor.com\/api\/wp\/v2\/comments?post=1217"}],"version-history":[{"count":1,"href":"https:\/\/tvsensor.com\/api\/wp\/v2\/posts\/1217\/revisions"}],"predecessor-version":[{"id":1219,"href":"https:\/\/tvsensor.com\/api\/wp\/v2\/posts\/1217\/revisions\/1219"}],"wp:featuredmedia":[{"embeddable":true,"href":"https:\/\/tvsensor.com\/api\/wp\/v2\/media\/1218"}],"wp:attachment":[{"href":"https:\/\/tvsensor.com\/api\/wp\/v2\/media?parent=1217"}],"wp:term":[{"taxonomy":"category","embeddable":true,"href":"https:\/\/tvsensor.com\/api\/wp\/v2\/categories?post=1217"},{"taxonomy":"post_tag","embeddable":true,"href":"https:\/\/tvsensor.com\/api\/wp\/v2\/tags?post=1217"}],"curies":[{"name":"wp","href":"https:\/\/api.w.org\/{rel}","templated":true}]}}