{"id":12134,"date":"2019-08-28T17:57:14","date_gmt":"2019-08-28T17:57:14","guid":{"rendered":"https:\/\/senzor.ba\/?p=12134"},"modified":"2024-01-15T21:46:06","modified_gmt":"2024-01-15T20:46:06","slug":"godisnjica-masakra-na-markalama-potresna-svjedocenja-foto","status":"publish","type":"post","link":"https:\/\/tvsensor.com\/clanak\/godisnjica-masakra-na-markalama-potresna-svjedocenja-foto\/","title":{"rendered":"Godi\u0161njica masakra na Markalama: Potresna svjedo\u010denja (FOTO)"},"content":{"rendered":"<p>Na mjestu stradanja cvije\u0107e su polo\u017eile delegacije, kao i brojne civilne \u017ertve rata.<\/p>\n<p>&#8220;U masakru sam izgubio dvojicu drugova. Radio sam u tr\u017enici i prodavao svije\u0107e, njih dvojicu sam ispratio do vrata, oni su iza\u0161li a ja sam ostao, obojica su tada poginula. Sje\u0107anja su zaisza te\u0161ka. Da su mi rekli da iza\u0111em i ja bih poginuo, me\u0111utim ostao sam na vratima kada je granata pala, i mene je detonacija bacila. Nikada me niko nije pozvao nigdje, nikakva organizacija, op\u0161tina. Da sam ovo pre\u017eivio u Njema\u010dkoj imao bih penziju, ovdje nemam ni\u0161ta&#8221;, kazao je Damir Malagi\u0107, koji je imao 15 godina u vrijeme masakra.<\/p>\n<p>Rasim Koso je kazao da je bio prisutan tokom masakra na Markalama, te da nije mogao ni zamisliti da se ne\u0161to sli\u010dno mo\u017ee desiti.<\/p>\n<p>&#8220;Imao sam neki predosje\u0107aj, kao da mi je objavljeno da \u0107e na taj dan rat prestati, i ja sam do\u0161ao na ovo mjesto. Kada sam do\u0161ao bilo je oko 11 sati, i bilo je puno naroda koji je tra\u017eio ne\u0161to za prehranu. Stajao sam ovdje i \u010duo granatu koja je ispaljena, ali nisam mislio da je ta granata poslana ba\u0161 na ovo mjesto, ali ona je do\u0161la ovdje. Vidio sam da je bilo previ\u0161e mrtvih, ranjenih. Ustao sam i stajao uspravno kao da nisam ranjen, pitali su me jesam li ranjen, rekao sam da ne znam ni ja, a kada sam pogledao u cipele one su bile pune krvi. Nisam tada osje\u0107ao da sam ranjen. Kada se sve to zavr\u0161ilo stavili su me u auto gdje su pored mene bile dvije mrtve \u017eene i prevezli su me u bolnicu&#8221;, kazao je Koso.<\/p>\n<p><img loading=\"lazy\" decoding=\"async\" class=\"alignnone size-medium\" src=\"https:\/\/storage.face.ba\/image\/32981\/original\/4.jpg\" width=\"1280\" height=\"720\" \/><\/p>\n<p>Amerisa Ahmetovi\u0107 u masakru 1995. godine ostala je bez noge. Tada je imala 16 godina.<\/p>\n<p>&#8220;Ne mogu ni ispri\u010dati&#8230; To je bilo stra\u0161no, tuga&#8230; Svaki put osjetim istu fizi\u010dku i psihi\u010dku bol. To je ne\u0161to najte\u017ee \u0161to se ikome moglo desiti. Mi koji smo tada izgubili nekog svog ili ostali bez dijela tijela znamo kako dan danas \u017eivimo sa tim posljedicama&#8221;, pri\u010da Amerisa.<\/p>\n<p>Na pitanje kakav je odnos dr\u017eave BiH prema civilnim \u017ertvama rata, ona isti\u010de da nije zadovoljna stanjem.<\/p>\n<p>&#8220;Govorim u ime svih civilnih \u017ertava rata. Prije svega, nemamo pravo na ortopedsko pomagalo dostojno \u010dovjeka. Treba mi proteza sa kojom mogu da funkcioni\u0161em, a mi to nemamo. Imamo proteze iz 1941. godine. Drugo, primanja koja dobijamo su mizerna i minimalna, nisu nam dovoljna za \u017eivot. Mi smo kategorija stanovni\u0161tva koja posljednja dobija invalidnine. Moramo moliti za svoje svaki put&#8221;, ka\u017ee ova \u017ertva.<\/p>\n<p><img loading=\"lazy\" decoding=\"async\" class=\"alignnone size-medium\" src=\"https:\/\/storage.face.ba\/image\/32983\/original\/5.jpg\" width=\"1280\" height=\"720\" \/><\/p>\n<p>Obilje\u017eavanju je prisustvovao i ministar za bora\u010dka pitanja KS Ismir Jusko.<\/p>\n<p>&#8220;U zadnja \u010detiri mjeseca gotovo da nije bilo sedmice da nismo obilje\u017eavali zna\u010dajne datume i doga\u0111aje koji su vezani za odbrambeno-oslobodila\u010dki rat 1992-1995. Svaki od tih datuma ima svoju te\u017einu, a dana\u0161nji ima dvije simbolike. Ovo je bio zadnji masakr u opkoljenom Sarajevu kada su 43 na\u0161a sugra\u0111anina dala svoje \u017eivote. Bili su krivi samo zato \u0161to su \u017eivjeli u opkoljenom gradu, \u0161to su odlu\u010dili da ostanu ovdje i da ga ne napuste. Drugo, ovaj masakr je bio razlog pokretanja zra\u010dnih NATO udara, nakon \u010dega je sve krenulo prema tome da je na kraju do\u0161lo do potpisivanja Dejtonskog mirovnog sporazuma&#8221;, kazao je Jusko.<\/p>\n<p>On je istakao kako ne postoji na\u010din da se \u017ertvama mogu vratiti oni koje su izgubili, te da sudske presude ne mogu biti satisfakcija nijednoj majci, ocu, djetetu koji su izgubili svoje najbli\u017ee.<\/p>\n<p>&#8220;Vlada KS daje sve sa svoje strane i u granicama svojih mogu\u0107nosti da onima koji su predstavnici ratnih vojnih veterana i civilinih \u017ertava rata nadoknadi makar mali dio izgubljenog u proteklom ratu&#8221;, zaklju\u010dio je Jusko.<\/p>\n<p><img loading=\"lazy\" decoding=\"async\" class=\"alignnone size-medium\" src=\"https:\/\/storage.face.ba\/image\/32986\/original\/9.jpg\" width=\"1280\" height=\"720\" \/><\/p>\n<p>Tog kobnog dana, 28. avgusta 1995. ubijeni su: Omer Ajanovi\u0107, Hidajet Ali\u0107, Salko Ali\u0107, Zeno Ba\u0161evi\u0107, Husein Bakta\u0161evi\u0107, Sevda Brkan-Kru\u0161\u010dica, Vera Brutus \u2013 \u0110uki\u0107, Halida Cepi\u0107, Pa\u0161a Crn\u010dalo, Mejra Cocali\u0107, Razija \u010coli\u0107, Esad \u010coranbegi\u0107, Dario Dlouhi, Salko Durakovi\u0107, Alija D\u017eevlan, Najla Fazli\u0107, Rijad Garbo, Ibrahim Hajvaz, Meho Hercegli\u0107, Jasmina Hod\u017ei\u0107, Hajrudin Hozo, Jusuf Ha\u0161imbegovi\u0107, Adnan Ibrahimagi\u0107, Ilija Karanovi\u0107, Mesudija Kerovi\u0107, Vehid Komar, Muhamed Kuki\u0107, Mirsad Kova\u010devi\u0107, Ha\u0161im Kurtovi\u0107, Ismet Klari\u0107, Masija Lon\u010dar, Osman Mahmutovi\u0107, Senad Muratovi\u0107, Goran Poturkovi\u0107, Bla\u017eenka Smoljan, Hamid Smajlhod\u017ei\u0107, Hajro \u0160atrovi\u0107, Samir Topuzovi\u0107, Hamza Tunovi\u0107, Ajdin Vukoti\u0107, Sabaheta Vukoti\u0107, Meho Ze\u0107o i Narima \u017diga<\/p>\n<p>Masakr kod Gradske tr\u017enice bio je posljednji veliki zlo\u010din u opkoljenom Sarajevu. Uslijedila je operacija NATO-a \u201eDeliberate force\u201c (Namjerna sila) i vojno-politi\u010dko rukovodstvo Srba tada je bilo prisiljeno na deblokadu Sarajeva i povla\u010denje artiljerije s polo\u017eaja oko glavnog grada BiH.<\/p>\n<p>Zlo\u010din na Markalama krajem avgusta 1995. godine, bio je drugi veliki masakr na toj sarajevskoj tr\u017enici.<\/p>\n<p>Prvi se dogodio 5. februara 1994. godine kada je minobaca\u010dki projektil, ispaljen s polo\u017eaja tzv. Vojske Republike Srpske na podru\u010dju sela Mrkovi\u0107i, pao na gradsku tr\u017enicu.<\/p>\n<p>Tom prilikom ubijeno je 68, a ranjeno 144 gra\u0111ana Sarajeva.<\/p>\n","protected":false},"excerpt":{"rendered":"<p>Na mjestu stradanja cvije\u0107e su polo\u017eile delegacije, kao i brojne civilne \u017ertve rata. &#8220;U masakru sam izgubio dvojicu drugova. Radio sam u tr\u017enici i prodavao svije\u0107e, njih dvojicu sam ispratio do vrata, oni su iza\u0161li a ja sam ostao, obojica su tada poginula. Sje\u0107anja su zaisza te\u0161ka. Da su mi rekli da iza\u0111em i ja [&hellip;]<\/p>\n","protected":false},"author":59,"featured_media":12135,"comment_status":"open","ping_status":"closed","sticky":false,"template":"","format":"standard","meta":{"inline_featured_image":false,"footnotes":""},"categories":[38],"tags":[],"class_list":{"0":"post-12134","1":"post","2":"type-post","3":"status-publish","4":"format-standard","5":"has-post-thumbnail","7":"category-vijesti-iz-bih"},"acf":[],"_links":{"self":[{"href":"https:\/\/tvsensor.com\/api\/wp\/v2\/posts\/12134","targetHints":{"allow":["GET"]}}],"collection":[{"href":"https:\/\/tvsensor.com\/api\/wp\/v2\/posts"}],"about":[{"href":"https:\/\/tvsensor.com\/api\/wp\/v2\/types\/post"}],"author":[{"embeddable":true,"href":"https:\/\/tvsensor.com\/api\/wp\/v2\/users\/59"}],"replies":[{"embeddable":true,"href":"https:\/\/tvsensor.com\/api\/wp\/v2\/comments?post=12134"}],"version-history":[{"count":2,"href":"https:\/\/tvsensor.com\/api\/wp\/v2\/posts\/12134\/revisions"}],"predecessor-version":[{"id":12137,"href":"https:\/\/tvsensor.com\/api\/wp\/v2\/posts\/12134\/revisions\/12137"}],"wp:featuredmedia":[{"embeddable":true,"href":"https:\/\/tvsensor.com\/api\/wp\/v2\/media\/12135"}],"wp:attachment":[{"href":"https:\/\/tvsensor.com\/api\/wp\/v2\/media?parent=12134"}],"wp:term":[{"taxonomy":"category","embeddable":true,"href":"https:\/\/tvsensor.com\/api\/wp\/v2\/categories?post=12134"},{"taxonomy":"post_tag","embeddable":true,"href":"https:\/\/tvsensor.com\/api\/wp\/v2\/tags?post=12134"}],"curies":[{"name":"wp","href":"https:\/\/api.w.org\/{rel}","templated":true}]}}