{"id":12126,"date":"2019-08-28T17:37:36","date_gmt":"2019-08-28T17:37:36","guid":{"rendered":"https:\/\/senzor.ba\/?p=12126"},"modified":"2024-01-15T21:46:06","modified_gmt":"2024-01-15T20:46:06","slug":"mladi-dobojlija-vazna-karika-u-expo-u-2020-a-uskoro-odlazi-i-u-un","status":"publish","type":"post","link":"https:\/\/tvsensor.com\/clanak\/mladi-dobojlija-vazna-karika-u-expo-u-2020-a-uskoro-odlazi-i-u-un\/","title":{"rendered":"Mladi Dobojlija va\u017ena karika u EXPO-u 2020, a uskoro odlazi i u UN"},"content":{"rendered":"<p>Pri\u010du o mnogim uspje\u0161nim Bosancima i Hercegovcima, znanim i neznanim diljem svijeta danas \u0107emo posvetiti jednom mladom Dobojliji. Rije\u010d je o Adiju Bjelo\u0161evi\u0107u koji se daleke 1992. u ratnom vihoru zajedno sa porodicom, tada kao trogodi\u0161njak, obreo u izbjegli\u0161tvu u Danskoj. Dje\u010dak, koji je odrastao vani, nikad ne prekidaju\u0107i vezu s domovinom, danas je, poput mnogih mladih ljudi s na\u0161ih prostora, uspio i ve\u0107 napravio zaista impresivnu karijeru.<\/p>\n<div class=\"article hasRelatedCard hasRelatedImg hasRelatedCardBody hasRelatedHeader\">\n<div class=\"card\">\n<p><strong>Praksa u ambasadi<\/strong><\/p>\n<p>Nakon gimnazije i studija na \u00c5rhus univerzitetu u Danskoj po\u010dinje njegov uspon. Prilikom danskog predsjedanja Evropskom unijom, od hiljade kandidata izabran je me\u0111u 30 oficira za vezu i bio doma\u0107in brojnim delegacijama i premijerima Unije.<\/p>\n<\/div>\n<div>\n<figure style=\"width: 640px\" class=\"wp-caption alignnone\"><img loading=\"lazy\" decoding=\"async\" class=\"size-medium\" src=\"https:\/\/mbapi.oslobodjenje.ba\/storage\/images\/cf3f\/a711\/3411\/pastedImagebase640__1_.jpg\" width=\"640\" height=\"557\" \/><figcaption class=\"wp-caption-text\">Bio je doma\u0107in brojnim delegacijama i premijerima EU<\/figcaption><\/figure>\n<p>Nakon toga, ministarstvo vanjskih poslova Kraljevine Danske je poslalo Adija na \u0161estomjese\u010dnu praksu u dansku ambasadu u Var\u0161avu. Istovremeno je izabran za potpredsjednika mladih federalista EU i kao njihov predstavnik i\u0161ao je na mnogobrojne skupove i seminare \u0161irom svijeta, gdje je istovremeno predstavljao i Dansku i EU.<\/p>\n<p>Evropska unija, odnosno Danska ga je predlo\u017eila kao zajedni\u010dkog kandidata za titulu Najuspje\u0161nijeg mladog Evropljanina godine, pa je u finalnoj ve\u010deri u Berlinu u\u0161ao u top pet.<\/p>\n<div class=\"article hasRelatedCard hasRelatedImg hasRelatedCardBody hasRelatedHeader\">\n<div class=\"card\">U me\u0111uvremenu zapo\u010dinje i karijeru u jednoj od najve\u0107ih farmaceutskih ku\u0107a u svijetu GlaxoSmithKline (GSK) sa sjedi\u0161tem u Londonu, da bi nakon aplikacije za mini MBA (Master of Business Administration) pod visokim pokroviteljstvom nj. v. \u0161eika Mohammeda al-Maktouma, premijera i upravitelja Dubaija, od 10.000 kandidata s najpresti\u017enijim diplomama svjetskih univerziteta, bio izabran me\u0111u 30 kandidata koji su dobili stipendiju u Dubai International Financial Centru, koji uspje\u0161no zavr\u0161ava i gdje mu je odmah ponu\u0111en stalni posao u okviru Direkcije i menad\u017ementa najpresti\u017enijeg svjetskog doga\u0111aja &#8211; organizaciji Svjetske izlo\u017ebe EXPO 2020.<\/div>\n<div>\n<figure style=\"width: 1024px\" class=\"wp-caption alignnone\"><img loading=\"lazy\" decoding=\"async\" class=\"size-medium\" src=\"https:\/\/mbapi.oslobodjenje.ba\/storage\/images\/cf3f\/a711\/3412\/pastedImagebase642__1_.jpg\" width=\"1024\" height=\"966\" \/><figcaption class=\"wp-caption-text\">Ministarstvo vanjskih poslova Kraljevine Danske je poslalo Adija na \u0161estomjese\u010dnu praksu u dansku ambasadu u Var\u0161avu<\/figcaption><\/figure>\n<\/div>\n<p>Dansko ministarstvo vanjskih poslova predlo\u017eilo ga je za mjesto u glavnom sjedi\u0161tu UN-a u New Yorku, za koje o\u010dekuje intervju.<br \/>\nBjelo\u0161evi\u0107 je, ina\u010de, \u0161to poslovno \u0161to privatno, proputovao vi\u0161e od 250.000 kilometara i obi\u0161ao 90 zemalja svijeta. Pored toga, govori sedam jezika i bio je uklju\u010den u mnoge projekte u vezi sa na\u0161om ambasadom u Kopenhagenu.<\/p>\n<figure style=\"width: 960px\" class=\"wp-caption alignnone\"><img loading=\"lazy\" decoding=\"async\" class=\"size-medium\" src=\"https:\/\/mbapi.oslobodjenje.ba\/storage\/images\/cf3f\/a711\/3417\/pastedImagebase6411.jpg\" width=\"960\" height=\"720\" \/><figcaption class=\"wp-caption-text\">Ponu\u0111en mu je stalni posao u okviru Direkcije i menad\u017ementa najpresti\u017enijeg svjetskog doga\u0111aja &#8211; organizaciji Svjetske izlo\u017ebe EXPO 2020<\/figcaption><\/figure>\n<p>Svoj kutak u jednom od paviljona EXPO-a 2020, najve\u0107eg doga\u0111aja u arapskom svijetu, imat \u0107e i Bosna i Hercegovina. Na izlo\u017ebi, koja \u0107e trajati \u0161est mjeseci, u\u010destvovat \u0107e 190 dr\u017eava, a o\u010dekuju se milioni posjetilaca iz razli\u010ditih dijelova svijeta. Program za inovacije i partnerstvo EXPO 2020. u Dubaiju EXPO Live je izdvojio 100 miliona ameri\u010dkih dolara za podr\u0161ku inovativnim rje\u0161enjima za goru\u0107e globalne izazove. Mladi su u sredi\u0161tu ove svjetske izlo\u017ebe. Zato EXPO 2020. te\u017ei stvaranju zna\u010dajne ba\u0161tine koja \u0107e koristiti generacijama koje dolaze &#8211; lokalno i globalno, obuhvataju\u0107i sve &#8211; od inovacija i arhitekture do prijateljstva i poslovnih prilika. O\u010dekuje se da \u0107e EXPO 2020. doprinijeti otvaranju novih 250.000 radnih mjesta.<\/p>\n<p>MojaBiH<\/p>\n<\/div>\n<\/div>\n<\/div>\n","protected":false},"excerpt":{"rendered":"<p>Pri\u010du o mnogim uspje\u0161nim Bosancima i Hercegovcima, znanim i neznanim diljem svijeta danas \u0107emo posvetiti jednom mladom Dobojliji. Rije\u010d je o Adiju Bjelo\u0161evi\u0107u koji se daleke 1992. u ratnom vihoru zajedno sa porodicom, tada kao trogodi\u0161njak, obreo u izbjegli\u0161tvu u Danskoj. Dje\u010dak, koji je odrastao vani, nikad ne prekidaju\u0107i vezu s domovinom, danas je, poput [&hellip;]<\/p>\n","protected":false},"author":59,"featured_media":12127,"comment_status":"open","ping_status":"closed","sticky":false,"template":"","format":"standard","meta":{"inline_featured_image":false,"footnotes":""},"categories":[39],"tags":[],"class_list":{"0":"post-12126","1":"post","2":"type-post","3":"status-publish","4":"format-standard","5":"has-post-thumbnail","7":"category-dijaspora"},"acf":[],"_links":{"self":[{"href":"https:\/\/tvsensor.com\/api\/wp\/v2\/posts\/12126","targetHints":{"allow":["GET"]}}],"collection":[{"href":"https:\/\/tvsensor.com\/api\/wp\/v2\/posts"}],"about":[{"href":"https:\/\/tvsensor.com\/api\/wp\/v2\/types\/post"}],"author":[{"embeddable":true,"href":"https:\/\/tvsensor.com\/api\/wp\/v2\/users\/59"}],"replies":[{"embeddable":true,"href":"https:\/\/tvsensor.com\/api\/wp\/v2\/comments?post=12126"}],"version-history":[{"count":2,"href":"https:\/\/tvsensor.com\/api\/wp\/v2\/posts\/12126\/revisions"}],"predecessor-version":[{"id":12129,"href":"https:\/\/tvsensor.com\/api\/wp\/v2\/posts\/12126\/revisions\/12129"}],"wp:featuredmedia":[{"embeddable":true,"href":"https:\/\/tvsensor.com\/api\/wp\/v2\/media\/12127"}],"wp:attachment":[{"href":"https:\/\/tvsensor.com\/api\/wp\/v2\/media?parent=12126"}],"wp:term":[{"taxonomy":"category","embeddable":true,"href":"https:\/\/tvsensor.com\/api\/wp\/v2\/categories?post=12126"},{"taxonomy":"post_tag","embeddable":true,"href":"https:\/\/tvsensor.com\/api\/wp\/v2\/tags?post=12126"}],"curies":[{"name":"wp","href":"https:\/\/api.w.org\/{rel}","templated":true}]}}