{"id":12123,"date":"2019-08-28T17:30:17","date_gmt":"2019-08-28T17:30:17","guid":{"rendered":"https:\/\/senzor.ba\/?p=12123"},"modified":"2024-01-15T21:46:06","modified_gmt":"2024-01-15T20:46:06","slug":"otvoren-sajam-sljive-u-gradaccu-ucestvuje-310-izlagaca-iz-bih-zemalja-regiona-i-eu","status":"publish","type":"post","link":"https:\/\/tvsensor.com\/clanak\/otvoren-sajam-sljive-u-gradaccu-ucestvuje-310-izlagaca-iz-bih-zemalja-regiona-i-eu\/","title":{"rendered":"Otvoren Sajam \u0161ljive u Grada\u010dcu: U\u010destvuje 310 izlaga\u010da iz BiH, zemalja regiona i EU"},"content":{"rendered":"<div class=\"post__content post__content--holder\">\n<p>Sve\u010dano je otvoren 46. Me\u0111unarodni sajam poljoprivrede i prehrambene industrije \u2013 Sajam \u0161ljive u Grada\u010dcu, prenosi Anadolu Agency (AA).<\/p>\n<p>Stjepan Mesi\u0107, biv\u0161i predsjednik Republike Hrvatske i dugogodi\u0161nji prijatelj Grada\u010dca, premije TK Denijal Tulumovi\u0107 i Krunoslav Karali\u0107 izaslanik predsjednika Vlade Republike Hrvatske Andreja Plenkovi\u0107a i zamjenik ministrice poljoprivrede Marije Vu\u010dkovi\u0107 zajedni\u010dkim presjecanjem vrpce sve\u010dano su otvorili sajam.<\/p>\n<p>Na sajmu koji \u0107e trajati \u010detiri dana svoje \u0107e proizvode i usluge prezentovat oko 310 izlaga\u010da iz Bosne i Hercegovine, zemalja regiona i Evropske unije.<\/p>\n<p>Premijer TK-a u obra\u0107anju je rekao kako je izuzetno ponosan \u0161to je grada\u010da\u010dki Sajam \u0161ljive predstavlja jedan od poticaja za privredu kako Grada\u010dca, tako Tuzlanskog kantona, Federacije BiH i dr\u017eave Bosne i Hercegovine.<\/p>\n<p>-Ovaj sajam nije zna\u010dajan samo za na\u0161 kanton, on je pojavljivanjem proizvo\u0111a\u010da iz Federacije BiH i Republike Srpske zna\u010dajan za cijelu Bosnu i Hercegovinu, ali i \u0161iri region. Sajam svake godine pokazuje da zbli\u017eava ljude, bri\u0161e granice i djeluje kao jedan kohezioni faktor na ovom prostoru. U tom svjetlu, ohrabruju nedavne informacije poredstavnika udru\u017eenja poljoprivrednih poroizvo\u0111a\u010da iz Federacije BiH i Republike Srpske za registraciju udru\u017eenja poljoprivrednika na dr\u017eavnom nivou &#8211; rekao je\u00a0Denijal Tulumovi\u0107, premijer Tuzlanskog kantona.<\/p>\n<p>Time se, kako je kazao, \u0161alje poruka kako nam je zajedni\u010dka \u017eelja i potreba jedinstveno tr\u017ei\u0161te u Bosni i Hercegovini i jedinstveni poticaji za poljoprivredne proizvo\u0111a\u010de i prehrambenu industriju.<\/p>\n<p>-Godinama Sajam \u0161ljive sna\u017eno poti\u010de privredni razvoj, naro\u010dito u poljoprivredi i sna\u017eno poti\u010de ra\u0111anje novih preduze\u0107a koja doprinose br\u017eem dru\u0161tvenom razvoju. Danas treba istaknuti da imamo prirodno bogatu zemlju, jako verijedne ljude koji uz malu podr\u0161ku ostvaruju zavidne rezultate. To je preduslov da ne smijemo da budemo ovisni o uvozu hrane u na\u0161e prostore. Neophodno je ulagati u objekte i opremu za sortiranje i skladi\u0161tenje vo\u0107a i povr\u0107a. Ako nam je cilj proizvodnja, prerada i plasman kvalitetnog vo\u0107a i povr\u0107a bez infrastrukturnih projekata to ne mo\u017eemo posti\u0107i &#8211; istakao je Tulumovi\u0107.<\/p>\n<\/div>\n<div class=\"post__content post__content--holder\">\n<p>Ovo je 24. sajam koji se odr\u017eava u kontinuitetu od 1996. godine do danas, a osnovan je 1969. godine pod nazivom &#8220;Dan \u0161ljive&#8221; i najstarija je specijalizovana privredna manifestacija u Bosni i Hercegovini.<\/p>\n<p>I Stjepan Mesi\u0107, biv\u0161i poredsjednik Republike Hrvatske je govorio o integrativnim faktorima ali i va\u017enosti uklju\u010denja Bosne i Hercegovine u Evropsku uniju.<\/p>\n<p>-Prvi organizatori ove sajamske priredbe nisu se ni nadali u kom \u0107e omjeru i kako \u0107e rasti ovaj sajam. Sajam \u0161ljive ima prije svega gospodarsko zna\u010denje. Ali on je u izvjesnom smislu i integrativni dio onih snaga koje \u017eele Bosnu i Hercegovinu i razvoj Bosne i Hercegovine. Najbolja suradnja s Evopom \u0107e biti kada shvate u EU da Bosna i Hercegovina zavre\u0111uje da se ubrza njen ulazak u EU. Jer tek ulaskom u EU Evropa \u0107e mo\u0107i i\u0107i u krug onih velikih igra\u010da koji su danas na svijetu &#8211; poru\u010dio je Stjapan Mesi\u0107.<\/p>\n<p>Prisutnima su se jo\u0161 obratili Mirka Jozi\u0107, pro\u010delnica gradskog ureda za gospodarstvo, energetiku i za\u0161titu okoli\u0161a grada Zagreba, Haris Ba\u0161i\u0107, ministar privrede Kantona Sarajevo i Damir Leko, direktor prodaje Petrokemija d.d. Kutina.<\/p>\n<p>Na Sajmu \u0161ljive posjetioci \u0107e imati priliku da vide prezentacije najnovijih proizvoda i usluga iz oblasti proizvodnje i prerade hrane i pi\u0107a, poljoprivredne mehanizacije i za\u0161titnih sredstava. Pored toga \u0107e se na sajmu odr\u017eati i tradicionalno stru\u010dno-nau\u010dno savjetovanje za poljoprivrednike, kao i niz predavanja i prezentacija nau\u010dnih radova u oblasti \u0161ljivarstva, poljoprivredne proizvodnje i biznisa.<\/p>\n<p>I ove godine Udru\u017eenje &#8220;P\u010dela&#8221; iz Grada\u010dca organizuje sajam p\u010delarstva i p\u010delinjih proizvoda koji je drugu godinu sastavni dio ove privredno-turusti\u010dke manifestacije.\u00a0Danas su uru\u010dene Plakete za afirmaciju i unapre\u0111enje Sajma \u0161ljive uru\u010dene dugogodi\u0161njim prijateljima, partnerima i pokroviteljima manifestacije Stjepanu Mesi\u0107u i Milanu Bandi\u0107u, \u017dupaniji Posavskoj i Ministarstvu privrede Kantona Sarajevo, te izlaga\u010dima i sponzorima.<\/p>\n<\/div>\n","protected":false},"excerpt":{"rendered":"<p>Sve\u010dano je otvoren 46. Me\u0111unarodni sajam poljoprivrede i prehrambene industrije \u2013 Sajam \u0161ljive u Grada\u010dcu, prenosi Anadolu Agency (AA). Stjepan Mesi\u0107, biv\u0161i predsjednik Republike Hrvatske i dugogodi\u0161nji prijatelj Grada\u010dca, premije TK Denijal Tulumovi\u0107 i Krunoslav Karali\u0107 izaslanik predsjednika Vlade Republike Hrvatske Andreja Plenkovi\u0107a i zamjenik ministrice poljoprivrede Marije Vu\u010dkovi\u0107 zajedni\u010dkim presjecanjem vrpce sve\u010dano su otvorili [&hellip;]<\/p>\n","protected":false},"author":59,"featured_media":12124,"comment_status":"open","ping_status":"closed","sticky":false,"template":"","format":"standard","meta":{"inline_featured_image":false,"footnotes":""},"categories":[44],"tags":[],"class_list":{"0":"post-12123","1":"post","2":"type-post","3":"status-publish","4":"format-standard","5":"has-post-thumbnail","7":"category-poljoprivreda"},"acf":[],"_links":{"self":[{"href":"https:\/\/tvsensor.com\/api\/wp\/v2\/posts\/12123","targetHints":{"allow":["GET"]}}],"collection":[{"href":"https:\/\/tvsensor.com\/api\/wp\/v2\/posts"}],"about":[{"href":"https:\/\/tvsensor.com\/api\/wp\/v2\/types\/post"}],"author":[{"embeddable":true,"href":"https:\/\/tvsensor.com\/api\/wp\/v2\/users\/59"}],"replies":[{"embeddable":true,"href":"https:\/\/tvsensor.com\/api\/wp\/v2\/comments?post=12123"}],"version-history":[{"count":1,"href":"https:\/\/tvsensor.com\/api\/wp\/v2\/posts\/12123\/revisions"}],"predecessor-version":[{"id":12125,"href":"https:\/\/tvsensor.com\/api\/wp\/v2\/posts\/12123\/revisions\/12125"}],"wp:featuredmedia":[{"embeddable":true,"href":"https:\/\/tvsensor.com\/api\/wp\/v2\/media\/12124"}],"wp:attachment":[{"href":"https:\/\/tvsensor.com\/api\/wp\/v2\/media?parent=12123"}],"wp:term":[{"taxonomy":"category","embeddable":true,"href":"https:\/\/tvsensor.com\/api\/wp\/v2\/categories?post=12123"},{"taxonomy":"post_tag","embeddable":true,"href":"https:\/\/tvsensor.com\/api\/wp\/v2\/tags?post=12123"}],"curies":[{"name":"wp","href":"https:\/\/api.w.org\/{rel}","templated":true}]}}