{"id":12117,"date":"2019-08-28T17:22:45","date_gmt":"2019-08-28T17:22:45","guid":{"rendered":"https:\/\/senzor.ba\/?p=12117"},"modified":"2024-01-15T21:46:07","modified_gmt":"2024-01-15T20:46:07","slug":"centralna-spomen-kosturnica-poginulim-ucesnicima-nor-a-u-lukavcu","status":"publish","type":"post","link":"https:\/\/tvsensor.com\/clanak\/centralna-spomen-kosturnica-poginulim-ucesnicima-nor-a-u-lukavcu\/","title":{"rendered":"Centralna spomen-kosturnica poginulim u\u010desnicima NOR-a u Lukavcu"},"content":{"rendered":"<p>Komisija za o\u010duvanje nacionalnih spomenika je na svojoj sjednici, odr\u017eanoj u aprilu 2019. godine u Sarajevu, proglasila\u00a0<strong>Historijski spomenik \u2013 Centralna spomen-kosturnica poginulim u\u010desnicima NOR-a sa podru\u010dja op\u0107ine Lukavac<\/strong>\u00a0nacionalnim spomenikom Bosne i Hercegovine. Nacionalni spomenik \u010dine spomenik, spomen-kosturnica i pristupne staze.<\/p>\n<p>Centralna spomen-kosturnica poginulim u\u010desnicima NOR-a sa podru\u010dja op\u0107ine Lukavac predstavlja mjesto sje\u0107anja na antifa\u0161isti\u010dku borbu te odra\u017eava dokumentarnu vrijednost u smislu svjedo\u010danstva na historijsku mijenu, a u smislu arhitektonskog rje\u0161enja na regionalni izraz. Spomenik, tako\u0111er, odra\u017eava izuzetnu historijsku vrijednost jer je svjedo\u010danstvo o va\u017enom doga\u0111aju, te asocijativnu jer podsje\u0107anja na li\u010dnost i doga\u0111aj. U smislu dru\u0161tvene vrijednosti mogu\u0107e je identificirati simboli\u010dku vrijednost, te vrijednost za zajednicu navedeno je u Odluci Komisije za o\u010duvanje nacionalnih spomenika BiH.<\/p>\n<p>Uvidom u stanje dobra mogu\u0107e je identificirati atribute autenti\u010dnosti kao \u0161to su oblik i dizajn, materijali i gra\u0111a, kori\u0161tenje i funkcija, sisteme upravljanja, lokacija te duh i osje\u0107aj. Integritet spomenika je, tako\u0111er, u cijelosti o\u010duvan.<\/p>\n<p><img loading=\"lazy\" decoding=\"async\" class=\"alignnone size-medium\" src=\"https:\/\/www.bastina.ba\/images\/\/stories\/sadrzaj\/2019\/20190808\/5._Razglednica_iz_1970_-__Spomen_konturnicu_u_Lukavac_statua_rad_Dragi%C5%A1e_Trifkovi%C4%87a_.jpg\" width=\"960\" height=\"658\" \/><\/p>\n<p>Spomen-kosturnica je za javnost otvorena 13. septembra 1962. godine (Dan oslobo\u0111enja Lukavca u Drugom svjetskom ratu).<br \/>\nSpomenik je izveden prema oblikovnom rje\u0161enju tuzlanskoga kipara Dragi\u0161e Trifkovi\u0107a (Tuzla, 1912\u20132000.), a koje je nastalo po uzoru na spomenik \u201cSloboda\u201d Augusta Augustin\u010di\u0107a, koji je posve\u0107en Batinskoj bici iz 1944. godine. Spomenik podrazumijeva vertikalu koja sugerira formu obeliska na koju je postavljena bron\u010dana skulptura djevoj\u010dice.<br \/>\nPrema upisanim imenima na mermernim plo\u010dama u lukava\u010dkoj spomen-kosturnici su sahranjeni posmrtni ostaci 267 boraca.<\/p>\n<p>Spomen-kosturnica je okru\u017eena parkom, a pristupa joj se stazama iz pravca okolnih ulica. Ovakvo okru\u017eenje doprinosi estetskoj vrijednosti spomenika te ga je potrebno sagledavati u odnosu sa parkom, ali i sa obli\u017enjom historijskom gra\u0111evinom \u201cStara \u017eeljezni\u010dka stanica\u201d, koja od ranije ima status nacionalnog spomenika BiH..<\/p>\n<p>Spomenik podrazumijeva izdignuti plato u \u010dije se sredi\u0161te pristupa stazama sa blagim nagibom. Plato formiraju \u010detiri trapeza postavljeni jedan naspram drugog. Izme\u0111u trapeza su pristupne staze (\u0161irina oko 240 cm) koje vode do vertikalnog elemeta spomenika postavljenog na stepenasto postolje (424 cm x 424 cm, visina stepenika oko 38 cm) izvedenog od betona i oblo\u017eenog bijelim mermerom. Staze su popo\u0111ene kaldrmom, dok su trapezi ozidani kamenom nepravilne forme na na\u010din da vizuelno sugerira mre\u017eu. U centru trapeza su postavljene po \u010detiri pravougaone, vertikalno postavljene spomen-plo\u010de sa imenima stradalnika uklesanim u latini\u010dnom kapitalu.<\/p>\n<p>Vertikalna struktura u centru u svojoj osnovi predstavlja stilizirani romb sli\u010dan \u0161arama sa bosanskih \u0107ilima. Vertikala koja se di\u017ee iz ovog romba zavr\u0161ava kvadratnim presjekom. Ukupne dimenzije osnove vertikale su 162 cm x 162 cm, dok joj je ukupna visina oko 986 cm.<\/p>\n<p>Na vrh vertikale postavljena je skulptura djevojke izvedena u bronci. U pogledu stila skulptura odra\u017eava karakter socijalisti\u010dkog realizma sa ne\u0161to ekspresivnijom zavr\u0161nom obradom (blago apstrahirana odje\u0107a). Djevojka je prikazana u haljini koju nosi vjetar. Ruke su joj spu\u0161tene, dok je kosa podignuta. Facijalna ekspresija djevoj\u010dina lica je dostojantvena i pobjedonosna. Visina skulpture je oko 160 cm.<\/p>\n<p>Namjena spomenika bila je stvoriti svjedo\u010danstvo o naroodnooslobodila\u010dkoj borbi iz II svjetskog rata, narodne heroje i brojne \u017ertve s podru\u010dja Lukavca. Sama simbolika spomenika nije u cijelosti razja\u0161njena \u2013 me\u0111u stanovnicima Lukavca skulptura na vrhu obeliska prepoznata je kao djevoj\u010dica Marija Macan koja je poginula pri ulasku trupa njema\u010dke vojske u Lukavac 1944. godine, dok drugi skulpturu prepoznaju kao simbol slobode utjelovljen tradicionalno u figuri \u017eene.<br \/>\nSpomenik je izveden kombinacijom kamena (tucanik i mermer) i betona.<\/p>\n<p><img loading=\"lazy\" decoding=\"async\" class=\"alignnone size-medium\" src=\"https:\/\/www.bastina.ba\/images\/\/stories\/sadrzaj\/2019\/20190808\/Sa_svecanog_otvaranja_Spomen_kosturnice.jpg\" width=\"589\" height=\"401\" \/><\/p>\n<p>Osim spomen-kosturnice u evidenciji Zavoda za za\u0161titu i kori\u0161tenje kulturno-historijskog i prirodnog naslije\u0111a Tuzlanskog kantona na podru\u010dju op\u0107ine Lukavac postoji vi\u0161e od \u010detrdeset spomen-obilje\u017eja narodnooslobodila\u010dkog rata koji se tipolo\u0161ki mogu svrstati u spomen-plo\u010de, biste, \u010desme, obeliske, skulptorska rje\u0161enja, grobnice i groblja.<\/p>\n<p>Spomen-kosturnica je evidentirana od strane Zavoda za za\u0161titu i kori\u0161tenje kulturno-historijskog i prirodnog naslije\u0111a Tuzlanskog kantona u Registru \u201eKulturno-historijsko i prirodno naslije\u0111e op\u0107ine Lukavac\u201c, pod rednim brojem 25. \u201eSpomen kosturnica poginulim u\u010desnicima NOR-a \u2013 centralno spomen-obilje\u017eje\u201c, kao spomeni\u010dko naslije\u0111e I kategorije.<\/p>\n<p>JU Zavod za za\u0161titu i kori\u0161tenje kulturno-historijskog i prirodnog naslije\u0111a Tuzlanskog kantona je dao stru\u010dnu podr\u0161ku peticiji UABNOR Lukavac od 04.02.2016. godine, za progla\u0161enje \u201eCentralne Spomen-kosturnice poginulim u\u010desnicima NOR-a u Lukavcu\u201c nacionalnim spomenikom Bosne i Hercegovine.<\/p>\n<p>Projekat \u201ePredstavljanja i afirmacije nacionalnih spomenika Bosne i Hercegovine sa podru\u010dja Tuzlanskog kantona u elektronskim i drugim aktuelnim medijima\u201c, tokom 2018\/2019. godine, provodi Zavod za za\u0161titu i kori\u0161tenje kulturno-historijskog i prirodnog naslije\u0111a Tuzlanskog kantona, uz saglasnost i podr\u0161ku nadle\u017enog Ministarstva za kulturu, sport i mlade TK.<\/p>\n","protected":false},"excerpt":{"rendered":"<p>Komisija za o\u010duvanje nacionalnih spomenika je na svojoj sjednici, odr\u017eanoj u aprilu 2019. godine u Sarajevu, proglasila\u00a0Historijski spomenik \u2013 Centralna spomen-kosturnica poginulim u\u010desnicima NOR-a sa podru\u010dja op\u0107ine Lukavac\u00a0nacionalnim spomenikom Bosne i Hercegovine. Nacionalni spomenik \u010dine spomenik, spomen-kosturnica i pristupne staze. Centralna spomen-kosturnica poginulim u\u010desnicima NOR-a sa podru\u010dja op\u0107ine Lukavac predstavlja mjesto sje\u0107anja na antifa\u0161isti\u010dku borbu [&hellip;]<\/p>\n","protected":false},"author":59,"featured_media":12120,"comment_status":"open","ping_status":"closed","sticky":false,"template":"","format":"standard","meta":{"inline_featured_image":false,"footnotes":""},"categories":[47,46],"tags":[],"class_list":{"0":"post-12117","1":"post","2":"type-post","3":"status-publish","4":"format-standard","5":"has-post-thumbnail","7":"category-historija","8":"category-kultura"},"acf":[],"_links":{"self":[{"href":"https:\/\/tvsensor.com\/api\/wp\/v2\/posts\/12117","targetHints":{"allow":["GET"]}}],"collection":[{"href":"https:\/\/tvsensor.com\/api\/wp\/v2\/posts"}],"about":[{"href":"https:\/\/tvsensor.com\/api\/wp\/v2\/types\/post"}],"author":[{"embeddable":true,"href":"https:\/\/tvsensor.com\/api\/wp\/v2\/users\/59"}],"replies":[{"embeddable":true,"href":"https:\/\/tvsensor.com\/api\/wp\/v2\/comments?post=12117"}],"version-history":[{"count":2,"href":"https:\/\/tvsensor.com\/api\/wp\/v2\/posts\/12117\/revisions"}],"predecessor-version":[{"id":12121,"href":"https:\/\/tvsensor.com\/api\/wp\/v2\/posts\/12117\/revisions\/12121"}],"wp:featuredmedia":[{"embeddable":true,"href":"https:\/\/tvsensor.com\/api\/wp\/v2\/media\/12120"}],"wp:attachment":[{"href":"https:\/\/tvsensor.com\/api\/wp\/v2\/media?parent=12117"}],"wp:term":[{"taxonomy":"category","embeddable":true,"href":"https:\/\/tvsensor.com\/api\/wp\/v2\/categories?post=12117"},{"taxonomy":"post_tag","embeddable":true,"href":"https:\/\/tvsensor.com\/api\/wp\/v2\/tags?post=12117"}],"curies":[{"name":"wp","href":"https:\/\/api.w.org\/{rel}","templated":true}]}}