{"id":12085,"date":"2019-07-24T07:53:19","date_gmt":"2019-07-24T07:53:19","guid":{"rendered":"https:\/\/senzor.ba\/?p=12085"},"modified":"2024-01-15T21:46:07","modified_gmt":"2024-01-15T20:46:07","slug":"poznat-red-letova-na-relaciji-sarajevo-medina","status":"publish","type":"post","link":"https:\/\/tvsensor.com\/clanak\/poznat-red-letova-na-relaciji-sarajevo-medina\/","title":{"rendered":"Poznat red letova na relaciji Sarajevo &#8211; Medina"},"content":{"rendered":"<p>Dvanaest aviona bh. kompanije FlyBosnia prevest \u0107e 1680 bosanskih had\u017eija direktnim letovima sa Me\u0111unarodnog aerodroma Sarajevo do Medine. Tri leta zakazana su za ponedjeljak 29. jula, u 7:15, 8:30 i 22:20 minuta.<\/p>\n<p>U ovim avionima put Medine na\u0107i \u0107e se uglavnom had\u017eije Sarajevskog, Banjalu\u010dkog, Gora\u017edanskog i dijela Biha\u0107kog muftijstva.<\/p>\n<p>Dan kasnije, 30. jula bi\u0107e organiziran jedan jutarnji let u 10:15 za preostale had\u017eije iz Biha\u0107kog<br \/>\nmuftijstva, i dva leta u ve\u010dernjem terminu u 22:15 i 22:30 za had\u017eije iz Zeni\u010dkog muftijstva.<br \/>\n\u010cetiri leta planirana su za srijedu, 31. jula ujutro u 10:00 i 10:15, te nave\u010der u 22:15 i 22:30.<\/p>\n<p>Ovi letovi namijenjeni su za preostali dio had\u017eija iz Zeni\u010dkog muftijstva, zatim had\u017eije iz Tuzlanskog muftijstva i<br \/>\ndio had\u017eija iz Travni\u010dkog muftijstva u avionu broj 9. U posljednjem desetom avionu koji \u0107e poletjeti<br \/>\n31. jula, putovat \u0107e drugi dio had\u017eija Sarajevskog muftijstva i sve ovogodi\u0161nje had\u017eije iz Mostarskog<br \/>\nmuftijstva.<\/p>\n<p>Posljednjeg, \u010detvrtog dana polaska iz Sarajeva put Medine, u \u010detvrtak 01. augusta raspore\u0111ena su<br \/>\ndva leta, u 10:00 i 10:15 minuta. U 11. i 12. avionu na\u0107i \u0107e se preostale had\u017eije iz Sarajevskog<br \/>\nmuftijstva.<\/p>\n<p>Ju\u010der je (utorak, 23. jula) u Sarajevu odr\u017ean sastanak sa 38 ovogodi\u0161njih had\u017eskih vodi\u010da i \u010detiri<br \/>\n\u0161erijatske konsultantice za had\u017einice. Upute vodi\u010dima dali su Nezim ef. Halilovi\u0107 Muderris,<br \/>\nrukovodilac Ureda za had\u017e i Izet ef. \u010camd\u017ei\u0107 koordinator vodi\u010da.<\/p>\n<p>U narednim satima vodi\u010di \u0107e sve ovogodi\u0161nje had\u017eije pojedina\u010dno obavijestiti o terminima okupljanja<br \/>\ni polazaka sa Me\u0111unarodnog aerodroma u Sarajevu.<\/p>\n<p>Vi\u0161e informacija mo\u017eete prona\u0107i na www.hadziumra.ba.<\/p>\n","protected":false},"excerpt":{"rendered":"<p>Dvanaest aviona bh. kompanije FlyBosnia prevest \u0107e 1680 bosanskih had\u017eija direktnim letovima sa Me\u0111unarodnog aerodroma Sarajevo do Medine. Tri leta zakazana su za ponedjeljak 29. jula, u 7:15, 8:30 i 22:20 minuta. U ovim avionima put Medine na\u0107i \u0107e se uglavnom had\u017eije Sarajevskog, Banjalu\u010dkog, Gora\u017edanskog i dijela Biha\u0107kog muftijstva. Dan kasnije, 30. jula bi\u0107e organiziran [&hellip;]<\/p>\n","protected":false},"author":59,"featured_media":12088,"comment_status":"open","ping_status":"closed","sticky":false,"template":"","format":"standard","meta":{"inline_featured_image":false,"footnotes":""},"categories":[57],"tags":[],"class_list":{"0":"post-12085","1":"post","2":"type-post","3":"status-publish","4":"format-standard","5":"has-post-thumbnail","7":"category-religija"},"acf":[],"_links":{"self":[{"href":"https:\/\/tvsensor.com\/api\/wp\/v2\/posts\/12085","targetHints":{"allow":["GET"]}}],"collection":[{"href":"https:\/\/tvsensor.com\/api\/wp\/v2\/posts"}],"about":[{"href":"https:\/\/tvsensor.com\/api\/wp\/v2\/types\/post"}],"author":[{"embeddable":true,"href":"https:\/\/tvsensor.com\/api\/wp\/v2\/users\/59"}],"replies":[{"embeddable":true,"href":"https:\/\/tvsensor.com\/api\/wp\/v2\/comments?post=12085"}],"version-history":[{"count":1,"href":"https:\/\/tvsensor.com\/api\/wp\/v2\/posts\/12085\/revisions"}],"predecessor-version":[{"id":12090,"href":"https:\/\/tvsensor.com\/api\/wp\/v2\/posts\/12085\/revisions\/12090"}],"wp:featuredmedia":[{"embeddable":true,"href":"https:\/\/tvsensor.com\/api\/wp\/v2\/media\/12088"}],"wp:attachment":[{"href":"https:\/\/tvsensor.com\/api\/wp\/v2\/media?parent=12085"}],"wp:term":[{"taxonomy":"category","embeddable":true,"href":"https:\/\/tvsensor.com\/api\/wp\/v2\/categories?post=12085"},{"taxonomy":"post_tag","embeddable":true,"href":"https:\/\/tvsensor.com\/api\/wp\/v2\/tags?post=12085"}],"curies":[{"name":"wp","href":"https:\/\/api.w.org\/{rel}","templated":true}]}}