{"id":12083,"date":"2019-07-24T07:48:07","date_gmt":"2019-07-24T07:48:07","guid":{"rendered":"https:\/\/senzor.ba\/?p=12083"},"modified":"2024-01-15T21:46:07","modified_gmt":"2024-01-15T20:46:07","slug":"ko-sda-konakovic-sa-sumnjivo-stecenom-diplomom-hoce-da-kontrolise-visoko-obrazovanje","status":"publish","type":"post","link":"https:\/\/tvsensor.com\/clanak\/ko-sda-konakovic-sa-sumnjivo-stecenom-diplomom-hoce-da-kontrolise-visoko-obrazovanje\/","title":{"rendered":"KO SDA: Konakovi\u0107 sa sumnjivo \u00abste\u010denom\u00bb diplomom ho\u0107e da kontroli\u0161e visoko obrazovanje"},"content":{"rendered":"<p>Predsjedavaju\u0107i Skup\u0161tine i lice koje \u017eeli da bude i zakonodavna, i izvr\u0161na, i sudska vlast u KS<br \/>\n\u2013 Elmedin Konakovi\u0107, galamom u medijima, prepunom neistina, poku\u0161ava sakriti nasilje koje<br \/>\npoku\u0161ava izvr\u0161iti nad zakonima.<\/p>\n<p>Sramotna je \u010dinjenica za Kanton Sarajevo da lice poput Konakovi\u0107a, koje je pod sumnjivim<br \/>\nokolnostima \u00absteklo\u00bb diplomu na Fakultetu sporta i tjelesnog obrazovanja, \u017eeli da bude<br \/>\nvrhovni ekspert i autoritet za oblast visokog obrazovanja.<\/p>\n<p>Konakovi\u0107evo nasilje nad zakonom potvrdila je ostavka ministrice Boguni\u0107, kao i apelacija<br \/>\npotpredsjednika Vlade FBiH Veska Drlja\u010de, koju je svojim potpisom podr\u017ealo i 137<br \/>\nakademskih profesora i eksperata u oblasti zdravstva.<\/p>\n<p>Kada je ostao bez argumenata, Konakovi\u0107 je, uz svoj manjak znanja i vi\u0161ak samopouzdanja,<br \/>\nkrenuo u primitivne napade na direktoricu KCUS-a Sebiju Izetbegovi\u0107 i jo\u0161 137 predstavnika<br \/>\nakademske zajednice, kao i na ministra Drlja\u010du, te Sindikat UNSA, \u010dime je pokazao da njemu<br \/>\nnije problem samo SDA, ve\u0107 svako ko kritikuje njegove nezakonite poslove.<\/p>\n","protected":false},"excerpt":{"rendered":"<p>Predsjedavaju\u0107i Skup\u0161tine i lice koje \u017eeli da bude i zakonodavna, i izvr\u0161na, i sudska vlast u KS \u2013 Elmedin Konakovi\u0107, galamom u medijima, prepunom neistina, poku\u0161ava sakriti nasilje koje poku\u0161ava izvr\u0161iti nad zakonima. Sramotna je \u010dinjenica za Kanton Sarajevo da lice poput Konakovi\u0107a, koje je pod sumnjivim okolnostima \u00absteklo\u00bb diplomu na Fakultetu sporta i tjelesnog [&hellip;]<\/p>\n","protected":false},"author":59,"featured_media":12087,"comment_status":"open","ping_status":"closed","sticky":false,"template":"","format":"standard","meta":{"inline_featured_image":false,"footnotes":""},"categories":[234],"tags":[],"class_list":{"0":"post-12083","1":"post","2":"type-post","3":"status-publish","4":"format-standard","5":"has-post-thumbnail","7":"category-politika"},"acf":[],"_links":{"self":[{"href":"https:\/\/tvsensor.com\/api\/wp\/v2\/posts\/12083","targetHints":{"allow":["GET"]}}],"collection":[{"href":"https:\/\/tvsensor.com\/api\/wp\/v2\/posts"}],"about":[{"href":"https:\/\/tvsensor.com\/api\/wp\/v2\/types\/post"}],"author":[{"embeddable":true,"href":"https:\/\/tvsensor.com\/api\/wp\/v2\/users\/59"}],"replies":[{"embeddable":true,"href":"https:\/\/tvsensor.com\/api\/wp\/v2\/comments?post=12083"}],"version-history":[{"count":1,"href":"https:\/\/tvsensor.com\/api\/wp\/v2\/posts\/12083\/revisions"}],"predecessor-version":[{"id":12089,"href":"https:\/\/tvsensor.com\/api\/wp\/v2\/posts\/12083\/revisions\/12089"}],"wp:featuredmedia":[{"embeddable":true,"href":"https:\/\/tvsensor.com\/api\/wp\/v2\/media\/12087"}],"wp:attachment":[{"href":"https:\/\/tvsensor.com\/api\/wp\/v2\/media?parent=12083"}],"wp:term":[{"taxonomy":"category","embeddable":true,"href":"https:\/\/tvsensor.com\/api\/wp\/v2\/categories?post=12083"},{"taxonomy":"post_tag","embeddable":true,"href":"https:\/\/tvsensor.com\/api\/wp\/v2\/tags?post=12083"}],"curies":[{"name":"wp","href":"https:\/\/api.w.org\/{rel}","templated":true}]}}