{"id":11885,"date":"2019-07-16T10:25:44","date_gmt":"2019-07-16T10:25:44","guid":{"rendered":"https:\/\/senzor.ba\/?p=11885"},"modified":"2024-01-15T21:46:14","modified_gmt":"2024-01-15T20:46:14","slug":"dr-emir-festic-prijenos-znanja-iz-dijaspore-u-bih-zahvaljujuci-bhaaas-u","status":"publish","type":"post","link":"https:\/\/tvsensor.com\/clanak\/dr-emir-festic-prijenos-znanja-iz-dijaspore-u-bih-zahvaljujuci-bhaaas-u\/","title":{"rendered":"Dr. Emir Festi\u0107: Prijenos znanja iz dijaspore u BiH zahvaljuju\u0107i BHAAAS-u"},"content":{"rendered":"<p>Povodom odr\u017eavanja &#8220;11. Dana Bosanskohercegova\u010dke akademije nauka i umjetnosti u BiH&#8221;, razgovarali smo sa aktuelnim predsjednikom Akademije, prof. dr. Emirom Festi\u0107em tokom njegovog boravka u Sarajevu.<\/p>\n<div class=\"article hasRelatedCard hasRelatedImg hasRelatedCardBody hasRelatedHeader\">\n<div class=\"card\"><\/div>\n<\/div>\n<p>Dr. Festi\u0107 je medicinu zavr\u0161io na Medicinskom fakultetu u Sarajevu, a specijalizaciju iz interne medicine u New Yorku. Supspecijalizacije iz intenzivne medicine, pulmologije i medicine spavanja uspje\u0161no je okon\u010dao na Mayo klinici u SAD gdje je 2018. godine dobio zvanje redovnog profesora.<\/p>\n<p><strong>Ministarstvo za ljudska prava i izbjeglice<\/strong>: Ovo su ve\u0107 11. Dani BHAAAS-a u BiH, kao predsjednik kako biste ocijenili dosada\u0161nje rezultate?<\/p>\n<p><em><strong>Dr. Emir Festi\u0107<\/strong><\/em>: Broj nau\u010dnih simpozija raste iz godine u godinu. Gledaju\u0107i par godina iza nas bilo je primjetno da su ve\u0107inu \u010dlanova Akademije \u010dinili ljekari i da su medicinski simpoziji dominirali na &#8220;Danima BHAAAS-a u BiH&#8221;. Danas je situacija druga\u010dija, sada imamo mnogo ve\u0107i broj tehni\u010dkih simpozija. \u0160to se ti\u010de \u010dlanstva, i tu smo rasli te se rodno izbalansirali. Danas u \u010dlanstvu imamo jednak broj \u017eena i mu\u0161karaca, ili mo\u017eda \u010dak malo ve\u0107i broj \u017eena.<\/p>\n<p>Do prije nekoliko godina bili smo u mogu\u0107nosti odr\u017eati &#8220;Dane BHAAAAS-a&#8221; u manjim mjestima koja nemaju dovoljne hotelske kapacitete, npr. u Br\u010dkom ili Zenici, me\u0111utim, ova manifestacija postaje sve ve\u0107a tako da smo se ove godine ponovo vratili u Sarajevo. Morali smo potra\u017eiti neke nove moduse organizacije pa smo anga\u017eovali profesionalnu agenciju za odr\u017eavanje kongresa ovog tipa koja je tehni\u010dki pokrila organizacioni dio. Tako\u0111er, ovogodi\u0161nji cjelokupni program se mo\u017ee pratiti putem mobilne aplikacije za pametne telefone kojom smo ne samo u\u0161tedjeli na sredstvima koja bi bila utro\u0161ena za \u0161tampanje, ve\u0107 i pove\u0107ali ekolo\u0161ku osvije\u0161tenost kako kod na\u0161ih \u010dlanova tako i kod u\u010desnika. Tako\u0111er, novo izdanje nau\u010dnog \u010dasopisa\u00a0<em>Acta Medica Academica<\/em>, koji izdaje Odjeljenje medicinskih nauka ANUBIH, nije vi\u0161e u papirnoj formi ve\u0107 u elektronskoj i dostupno je svim zainteresovanim na web stranici\u00a0<a href=\"http:\/\/www.bhaaas.org\/\" target=\"_blank\" rel=\"noopener\"><strong>BHAAAS<\/strong><\/a>-a.<\/p>\n<p>Iako smo proteklih godina mijenjali na\u010din rada, osnovna nit je ostala prisutna od prvih do jedanaestih Dana BHAAAS-a, a to je prijenos znanja iz dijaspore u BiH, kao i uklju\u010divost, otvorenost za anga\u017eovanje svih koji \u017eele da razmijene znanja i iskustva, \u010dak i umjetni\u010dku ekspresiju jer mi nismo samo nau\u010dna ve\u0107 i umjetni\u010dka organizacija. Dakle, otvoreni smo za sve koji \u017eele da razmijene znanja i iskustva.<\/p>\n<p><strong>Ministarstvo za ljudska prava i izbjeglice<\/strong>: Kroz BHAAAS realizuju se sjajne aktivnosti. Kada razmi\u0161ljate o daljem razvoju Akademije, u kom pravcu bi se trebali dalje razvijati obzirom da se \u010dini da ste prevazi\u0161li okvire koji su vam sada na raspolaganju i da vam treba neka vrsta \u0161irenja, dodatne podr\u0161ke?<\/p>\n<p><em><strong>Dr. Emir Festi\u0107<\/strong><\/em>: Prvi moji utisci nakon drugog dana odr\u017eavanja 11. Dana BHAAAS-a su da bismo manifestaciju trebali locirati na vi\u0161e mjesta, a ne na jednom mjestu kao \u0161to je to do sada bila praksa. Organizaciono je efikasnije da idemo na vi\u0161e lokacija. Naprimjer, simpoziji medicine mogli bi se odr\u017eavati na medicinskim fakultetima, a predavanja u bolnicama, simpoziji tehni\u010dke struke na ma\u0161inskim, elektrotehni\u010dkim ili sli\u010dnim fakultetima. U tom slu\u010daju, fakulteti na kojima gostuju predava\u010di bi mogli pomo\u0107i oko same organizacije odre\u0111enog simpozija i obezbje\u0111enju prostora. \u010cinjenica je da je jedan od benefita odr\u017eavanja simpozija na jednom mjestu umre\u017eavanje predava\u010da i nas \u010dlanova, ali smatram da bi na\u0161 rad bio efikasniji ukoliko bi gostovali na vi\u0161e mjesta, a \u010dlanovi bi se svakako mogli okupljati na nekim od kulturnih doga\u0111aja koje Akademija svake godine organizuje.<\/p>\n<p>Cilj ovih simpozija jeste da se prenesu znanja i iskustva stru\u010dnjaka iz razli\u010ditih bran\u0161i, pa sam mi\u0161ljenja da bi taj cilj bio potpuniji ukoliko bi se predavanja dr\u017eala na fakultetima gdje vjerujem da bi prisustvovao ve\u0107i broj studenata. Ono \u0161to \u017eelim naglasiti jeste da je rad \u010dlanova BHAAAS-a volonterski. Simpoziji se finansiraju djelimi\u010dno iz \u010dlanarina koje pla\u0107aju \u010dlanovi BHAAAS-a, od sponzora i dodatnih uplata nas \u010dlanova.<\/p>\n<p>Tako\u0111er, trebamo nastaviti sa anga\u017emanom profesionalne agencije za organizaciju skupa, kako smo uradili ove godine, \u0161to iziskuje dodatna finansijska sredstava. \u010citava organizacija skupa je, dok je prije ra\u0111ena samo uz ogroman trud nas i jo\u0161 nekih ljudi \u010diji to nije posao.<\/p>\n<p>Ako bismo Dane BHAAAS-a organizovali na vi\u0161e lokacija, onda bi nam te institucije mogle pomo\u0107i i u organizaciji skupa, radile bi u saradnji sa nama i sa Ministarstvom za ljudska prava i izbjeglice.<\/p>\n<p><strong>Ministarstvo za ljudska prava i izbjeglice<\/strong>: BHAAAS ve\u0107 ima neke potpisane memorandume o saradnji?<\/p>\n<p><em><strong>Dr. Emir Festi\u0107<\/strong><\/em>: Da, imamo. Sa Ministarstvom za ljudska prava i izbjeglice je potpisan memorandum o saradnji prije par godina, a tokom ovogodi\u0161njih &#8220;Dana BHAAAS-a&#8221; potpisali smo memorandume o saradnji i sa Rektoratom Univerziteta u Sarajevu, Internacionalnim Univerzitetom u Sarajevu, Internacionalnim Burch Univerzitetom u Sarajevu, a otvorili smo poglavlje potpisivanja memoranduma o saradnji sa Op\u0107om bolnicom u Sarajevu. Od prije imamo saradnju sa Sarajevo School of Science and Technology. Dakle, to je ve\u0107 pet institucija u Sarajevu koje bi nam mogle biti partneri u organizaciji nekih budu\u0107ih Dana BHAAAS-a.<\/p>\n<p><strong>Ministarstvo za ljudska prava i izbjeglice<\/strong>: Da li ste u kontaktu sa drugim organizacijama iz iseljeni\u0161tva iz BiH koje djeluju na prostorima SAD-a?<\/p>\n<p><em><strong>Dr. Emir Festi\u0107<\/strong><\/em>: Da, u kontaktu smo sa nekoliko organizacija u Sjevernoj Americi\u00a0kao \u0161to su Bosana, BHeart, BAPA (Bosnian-American Professionals Association) i New England Friends of BiH. Od kada sam na funkciji predsjednika Akademije moja ideja i plan je da se pove\u017eemo sa organizacijama iz Sjeverne Amerike a kasnije i \u0161ire, a koje imaju sli\u010dan cilj, a to je pomo\u0107i Bosni i Hercegovini. Objedinio sam to idejno u ime BAN (Bosnian American Network). Odr\u017eali smo nekoliko sastanaka videolinkom, \u010duli nekoliko dobrih ideja. To su organizacije razli\u010ditog kalibra, ali ja mislim da to nije mana, ve\u0107 prednost jer svako zadr\u017eava svoju autonomiju rada ali se istovremeno povezujemo i ispitujemo mogu\u0107nosti gdje se mo\u017eemo spojiti i aktivno sara\u0111ivati.<\/p>\n<p>Predlo\u017eili smo da se organizuju kampovi za djecu i mlade uzrasta od 12 do 16 ili od 16 do 20 godina. Bilo bi jako lijepo kada bi djeca \u010diji roditelji su \u010dlanovi ovih organizacija mogla organizovano do\u0107i u BiH, gdje bi sa grupom volontera iz obje zemlje obnavljali jezik porijekla, obilazili kulturne znamenitosti, upoznali se sa historijom i tradicijom, posjetili muzeje, a ujedno se upoznali i dru\u017eili sa djecom iz BiH. Kada se takvi temelji u ranoj mladosti stvore, na tome se gradi budu\u0107nost. U pratnji djece mogu biti i nastavnici iz obje zemlje, a najpogodnije vrijeme za takve kampove bi bilo od sredine juna do sredine augusta.<\/p>\n<p>Svakako predla\u017eem da o tome obostrano razmislimo i da mo\u017eda u budu\u0107nosti i ne\u0161to tako organizujemo uz podr\u0161ku Ministarstva.<\/p>\n<p><strong>Ministarstvo za ljudska prava i izbjeglice<\/strong>: Na raspolaganju ste kolegama ljekarima za online konsultacije, zajedno sa dr. Ognjenom Gaji\u0107em iz SAD-a, tako\u0111er \u010dlanom BHAAAS-a, odr\u017eavate video vizite na Klinici intenzivne medicine za nehirur\u0161ke grane Univerzitetskog klini\u010dkog centra u Banjaluci, mo\u017eete li nam re\u0107i ne\u0161to vi\u0161e o tome? Da li mislite da bi takvi projekti telemedicine i teleedukacije mogli biti alati za intenziviranje prijenosa znanja u BiH?<\/p>\n<p><em><strong>Dr. Emir Festi\u0107<\/strong><\/em>: Svakako. Video link pru\u017ea mogu\u0107nosti za kontinuiran prijenos znanja. Ne iziskuje puno vremena ni finansijskih sredstava, a i jednostavan je za kori\u0161tenje. Tako\u0111er, va\u017eno je \u0161to se na video link mo\u017ee uklju\u010diti vi\u0161e institucija, fakulteta, klinika, \u0161to pru\u017ea ogromne mogu\u0107nosti prijenosa i razmjene znanja. Elektronske vizite na intenzivnoj njezi radimo ve\u0107 5-6 godina dr. Ognjen Gaji\u0107 i ja. Obojica smo subspecijalisti intenzivne njege na Mayo klinici. Kada smo dobili priliku da se uklju\u010dimo u projekat otvaranja jedinice internisti\u010dke intenzivne terapije, obojica smo taj volonterski rad objeru\u010dke prihvatili jer smo \u017eeljeli da pacijenti koji su smje\u0161teni na toj klinici dobiju najbolju mogu\u0107u njegu.<\/p>\n<p>Sve je po\u010delo 2008. godine kao projekat Vlade Francuske. Tada je dr. Guillaume Thiery, specijalista intenzivne njege iz Pariza, do\u0161ao u Sarajevo da oformi ovu jedinicu. U vrijeme formiranja ove jedinice sistem lije\u010denja kriti\u010dno oboljelih je bio zastario dvadesetak godina u odnosu na savremene trendove, tako da smo dr. Gaji\u0107 i ja zaposlenima bili stalno na raspolaganju za online konsultacije. Na\u017ealost, po\u010detkom 2016. godine UKC Sarajevo je ukinuo uspostavljenu jedinicu intenzivne njege tako da je taj ogromni uspjeh koji je bio postignut propao. Sre\u0107om, sli\u010dna jedinica intenzivne njege na UKC Banjaluka nastavila je svoj rad\u00a0 i tu zajedno sa dr. Gaji\u0107em i dalje dr\u017eim online konsultacije kada su one neophodne. Sa zadovoljstvom mogu re\u0107i da je danas ova jedinica intenzivne njege u Banjaluci u rangu sa sli\u010dnim jedinicama u Zagrebu, Beogradu ili Ljubljani.<\/p>\n<p>MojaBiH<\/p>\n","protected":false},"excerpt":{"rendered":"<p>Povodom odr\u017eavanja &#8220;11. Dana Bosanskohercegova\u010dke akademije nauka i umjetnosti u BiH&#8221;, razgovarali smo sa aktuelnim predsjednikom Akademije, prof. dr. Emirom Festi\u0107em tokom njegovog boravka u Sarajevu. Dr. Festi\u0107 je medicinu zavr\u0161io na Medicinskom fakultetu u Sarajevu, a specijalizaciju iz interne medicine u New Yorku. Supspecijalizacije iz intenzivne medicine, pulmologije i medicine spavanja uspje\u0161no je okon\u010dao [&hellip;]<\/p>\n","protected":false},"author":59,"featured_media":11887,"comment_status":"open","ping_status":"closed","sticky":false,"template":"","format":"standard","meta":{"inline_featured_image":false,"footnotes":""},"categories":[52],"tags":[],"class_list":{"0":"post-11885","1":"post","2":"type-post","3":"status-publish","4":"format-standard","5":"has-post-thumbnail","7":"category-obrazovanje"},"acf":[],"_links":{"self":[{"href":"https:\/\/tvsensor.com\/api\/wp\/v2\/posts\/11885","targetHints":{"allow":["GET"]}}],"collection":[{"href":"https:\/\/tvsensor.com\/api\/wp\/v2\/posts"}],"about":[{"href":"https:\/\/tvsensor.com\/api\/wp\/v2\/types\/post"}],"author":[{"embeddable":true,"href":"https:\/\/tvsensor.com\/api\/wp\/v2\/users\/59"}],"replies":[{"embeddable":true,"href":"https:\/\/tvsensor.com\/api\/wp\/v2\/comments?post=11885"}],"version-history":[{"count":2,"href":"https:\/\/tvsensor.com\/api\/wp\/v2\/posts\/11885\/revisions"}],"predecessor-version":[{"id":35583,"href":"https:\/\/tvsensor.com\/api\/wp\/v2\/posts\/11885\/revisions\/35583"}],"wp:featuredmedia":[{"embeddable":true,"href":"https:\/\/tvsensor.com\/api\/wp\/v2\/media\/11887"}],"wp:attachment":[{"href":"https:\/\/tvsensor.com\/api\/wp\/v2\/media?parent=11885"}],"wp:term":[{"taxonomy":"category","embeddable":true,"href":"https:\/\/tvsensor.com\/api\/wp\/v2\/categories?post=11885"},{"taxonomy":"post_tag","embeddable":true,"href":"https:\/\/tvsensor.com\/api\/wp\/v2\/tags?post=11885"}],"curies":[{"name":"wp","href":"https:\/\/api.w.org\/{rel}","templated":true}]}}