{"id":11881,"date":"2019-07-16T10:20:40","date_gmt":"2019-07-16T10:20:40","guid":{"rendered":"https:\/\/senzor.ba\/?p=11881"},"modified":"2024-01-15T21:46:15","modified_gmt":"2024-01-15T20:46:15","slug":"kako-se-trosio-novac-posrnulog-hercegovackog-diva-df-u-parlamentu-fbih-trazi-istragu-o-kriminalu-u-aluminiju","status":"publish","type":"post","link":"https:\/\/tvsensor.com\/clanak\/kako-se-trosio-novac-posrnulog-hercegovackog-diva-df-u-parlamentu-fbih-trazi-istragu-o-kriminalu-u-aluminiju\/","title":{"rendered":"KAKO SE TRO\u0160IO NOVAC POSRNULOG HERCEGOVA\u010cKOG DIVA: DF u Parlamentu FBiH tra\u017ei istragu o kriminalu u Aluminiju"},"content":{"rendered":"<p><b>Klub poslanika HDZ BiH &#8211; HNS u federalnom Parlamentu uputio je inicijativu Vladi FBiH povodom situacije u kojoj se nalazi mostarski Aluminij.<\/b><\/p>\n<p>Inicijativu je na dana\u0161njoj sjednici Predstavni\u010dkog doma tokom poslani\u010dkog sata predstavio je poslanik Ivica Pavkovi\u0107.<\/p>\n<p>U inicijativi se navodi da u skladu sa dosada\u0161njom politikom ve\u0107e zaposlenosti i o\u010duvanja svakog radnog mjesta, Klub HDZ BiH &#8211; HNS daje punu podr\u0161ku u za\u0161titi prava svih zaposlenih u Aluminiju.\u00a0Istaknuto je da u periodu finansijske konsolidacije potrebno iskoristiti sve mogu\u0107nosti restrukturiranja i unapre\u0111enja poslovanja Aluminija, uz podr\u0161ku svih institucija u FBiH.<\/p>\n<p>Kao tre\u0107a ta\u010dka inicijative istaknuto je da Klub HDZ BiH-HNS tra\u017ei od svih nadle\u017enih institucija pravne dr\u017eave u FBiH preduzimanje svih potrebnih mjera i aktivnosti kako bi se ispitale i utvrdile odgovornosti za eventualne nezakonite propuste, koji su doveli do stanja u kojem se Aluminij nalazi.<\/p>\n<p>\u0160ef poslani\u010dkog Kluba DF-a Alma Kratina tokom poslani\u010dkog sata predlo\u017eila je dvije inicijative. Prva se odnosi na odr\u017eavanje zajedni\u010dke sjednice Vlade FBiH i Vlade Hrvatske o situaciji u Aluminiju, dok se drugom od MUP-a FBiH tra\u017ei da istra\u017ei kriminal u nekada\u0161njem mostarskom privrednom gigantu.<\/p>\n","protected":false},"excerpt":{"rendered":"<p>Klub poslanika HDZ BiH &#8211; HNS u federalnom Parlamentu uputio je inicijativu Vladi FBiH povodom situacije u kojoj se nalazi mostarski Aluminij. Inicijativu je na dana\u0161njoj sjednici Predstavni\u010dkog doma tokom poslani\u010dkog sata predstavio je poslanik Ivica Pavkovi\u0107. U inicijativi se navodi da u skladu sa dosada\u0161njom politikom ve\u0107e zaposlenosti i o\u010duvanja svakog radnog mjesta, Klub [&hellip;]<\/p>\n","protected":false},"author":59,"featured_media":11884,"comment_status":"open","ping_status":"closed","sticky":false,"template":"","format":"standard","meta":{"inline_featured_image":false,"footnotes":""},"categories":[38],"tags":[],"class_list":{"0":"post-11881","1":"post","2":"type-post","3":"status-publish","4":"format-standard","5":"has-post-thumbnail","7":"category-vijesti-iz-bih"},"acf":[],"_links":{"self":[{"href":"https:\/\/tvsensor.com\/api\/wp\/v2\/posts\/11881","targetHints":{"allow":["GET"]}}],"collection":[{"href":"https:\/\/tvsensor.com\/api\/wp\/v2\/posts"}],"about":[{"href":"https:\/\/tvsensor.com\/api\/wp\/v2\/types\/post"}],"author":[{"embeddable":true,"href":"https:\/\/tvsensor.com\/api\/wp\/v2\/users\/59"}],"replies":[{"embeddable":true,"href":"https:\/\/tvsensor.com\/api\/wp\/v2\/comments?post=11881"}],"version-history":[{"count":1,"href":"https:\/\/tvsensor.com\/api\/wp\/v2\/posts\/11881\/revisions"}],"predecessor-version":[{"id":11888,"href":"https:\/\/tvsensor.com\/api\/wp\/v2\/posts\/11881\/revisions\/11888"}],"wp:featuredmedia":[{"embeddable":true,"href":"https:\/\/tvsensor.com\/api\/wp\/v2\/media\/11884"}],"wp:attachment":[{"href":"https:\/\/tvsensor.com\/api\/wp\/v2\/media?parent=11881"}],"wp:term":[{"taxonomy":"category","embeddable":true,"href":"https:\/\/tvsensor.com\/api\/wp\/v2\/categories?post=11881"},{"taxonomy":"post_tag","embeddable":true,"href":"https:\/\/tvsensor.com\/api\/wp\/v2\/tags?post=11881"}],"curies":[{"name":"wp","href":"https:\/\/api.w.org\/{rel}","templated":true}]}}