{"id":11880,"date":"2019-07-16T10:18:17","date_gmt":"2019-07-16T10:18:17","guid":{"rendered":"https:\/\/senzor.ba\/?p=11880"},"modified":"2024-01-15T21:46:15","modified_gmt":"2024-01-15T20:46:15","slug":"wizz-air-obustavlja-let-tuzla-bec","status":"publish","type":"post","link":"https:\/\/tvsensor.com\/clanak\/wizz-air-obustavlja-let-tuzla-bec\/","title":{"rendered":"Wizz Air obustavlja let Tuzla \u2013 Be\u010d"},"content":{"rendered":"<h4>Niskotarifni prevoznik Wizz Air je prekinuo prodaju karata za svoj let Tuzla \u2013 Be\u010d od po\u010detka zimske sezone 2019\/2020, koja po\u010dinje 27. oktobra, izvijestio je portal\u00a0<a href=\"https:\/\/www.exyuaviation.com\/2019\/07\/wizz-air-to-end-tuzla-vienna-service.html\" target=\"_blank\" rel=\"noopener\">Ex-Yu Aviation News<\/a>.<\/h4>\n<p>Letovi izme\u0111u ova dva grada uvedeni su pro\u0161le godine.<\/p>\n<p>Aerodrom Tuzla je u prvoj polovini 2019. godine raspolagao sa 271.006 putnika, \u0161to predstavlja smanjenje od 1,6%. Osim sezonskih letnjih chartera kojima upravlja turska kompanija Freebird Airlines, saobra\u0107aj aerodroma zavisi isklju\u010divo od Wizz Aira.<\/p>\n<p>Wizz Air je nedavno nadogradio svoju sezonsku uslugu od Tuzle do Billunda do cjelogodi\u0161njih operacija.<\/p>\n","protected":false},"excerpt":{"rendered":"<p>Niskotarifni prevoznik Wizz Air je prekinuo prodaju karata za svoj let Tuzla \u2013 Be\u010d od po\u010detka zimske sezone 2019\/2020, koja po\u010dinje 27. oktobra, izvijestio je portal\u00a0Ex-Yu Aviation News. Letovi izme\u0111u ova dva grada uvedeni su pro\u0161le godine. Aerodrom Tuzla je u prvoj polovini 2019. godine raspolagao sa 271.006 putnika, \u0161to predstavlja smanjenje od 1,6%. Osim [&hellip;]<\/p>\n","protected":false},"author":59,"featured_media":11883,"comment_status":"open","ping_status":"closed","sticky":false,"template":"","format":"standard","meta":{"inline_featured_image":false,"footnotes":""},"categories":[39],"tags":[],"class_list":{"0":"post-11880","1":"post","2":"type-post","3":"status-publish","4":"format-standard","5":"has-post-thumbnail","7":"category-dijaspora"},"acf":[],"_links":{"self":[{"href":"https:\/\/tvsensor.com\/api\/wp\/v2\/posts\/11880","targetHints":{"allow":["GET"]}}],"collection":[{"href":"https:\/\/tvsensor.com\/api\/wp\/v2\/posts"}],"about":[{"href":"https:\/\/tvsensor.com\/api\/wp\/v2\/types\/post"}],"author":[{"embeddable":true,"href":"https:\/\/tvsensor.com\/api\/wp\/v2\/users\/59"}],"replies":[{"embeddable":true,"href":"https:\/\/tvsensor.com\/api\/wp\/v2\/comments?post=11880"}],"version-history":[{"count":2,"href":"https:\/\/tvsensor.com\/api\/wp\/v2\/posts\/11880\/revisions"}],"predecessor-version":[{"id":35584,"href":"https:\/\/tvsensor.com\/api\/wp\/v2\/posts\/11880\/revisions\/35584"}],"wp:featuredmedia":[{"embeddable":true,"href":"https:\/\/tvsensor.com\/api\/wp\/v2\/media\/11883"}],"wp:attachment":[{"href":"https:\/\/tvsensor.com\/api\/wp\/v2\/media?parent=11880"}],"wp:term":[{"taxonomy":"category","embeddable":true,"href":"https:\/\/tvsensor.com\/api\/wp\/v2\/categories?post=11880"},{"taxonomy":"post_tag","embeddable":true,"href":"https:\/\/tvsensor.com\/api\/wp\/v2\/tags?post=11880"}],"curies":[{"name":"wp","href":"https:\/\/api.w.org\/{rel}","templated":true}]}}