{"id":11867,"date":"2019-07-16T10:02:18","date_gmt":"2019-07-16T10:02:18","guid":{"rendered":"https:\/\/senzor.ba\/?p=11867"},"modified":"2024-01-15T21:46:15","modified_gmt":"2024-01-15T20:46:15","slug":"broji-li-dodik-posljednje-mjesece-u-predsjednistvu-bih","status":"publish","type":"post","link":"https:\/\/tvsensor.com\/clanak\/broji-li-dodik-posljednje-mjesece-u-predsjednistvu-bih\/","title":{"rendered":"Broji li Dodik posljednje mjesece u Predsjedni\u0161tvu BiH?"},"content":{"rendered":"<p>Profesionalni srbofob, paranoi\u010dni politi\u010dki parazit, me\u0111unarodni me\u0161etar, bo\u0161nja\u010dki lobist&#8230; To je za Milorada Dodika, aktuelnog predsjedavaju\u0107eg Predsjedni\u0161tva Bosne i Hercegovine, njema\u010dki\u00a0politi\u010dar i diplomata Christian Schwarz-Schilling. Ove izraze, eufemizme mr\u017enje, fobije\u00a0i paranoje, objavile su beogradske\u00a0<em>Ve\u010dernje novosti<\/em>3. jula ove godine\u00a0kao vijest, bez potpisa autora.<\/p>\n<p>Kombinovanjem upravnog i neupravnog govora,\u00a0<em>Ve\u010dernje novosti<\/em>\u00a0prenijele su \u2013 uslovno re\u010deno \u2013 demanti u kome se isti\u010du sljede\u0107e kvalifikacije:\u00a0Schwarz-Schilling, kao i svi ostali visoki predstavnici me\u0111unarodne zajednice u Bosni i Hercegovini, kr\u0161e\u0107i Dejtonski mirovni sporazum; pravi kaljugu od Bosne i Hercegovine; radio je isklju\u010divo protiv interesa Srba i bh. entiteta Republika\u00a0Srpska&#8230;\u00a0Uz takve rije\u010di, Dodik odustaje od svoje ideje vodilje da je interes Srba i RS-a\u00a0napraviti kaljugu od Bosne i Hecegovine \u2013 primijeti\u0107e neko zlurad.<\/p>\n<p>No, budu\u0107i da nije sve tako \u017euto-plavo u Dodikovim o\u010dima, preostaje nam da se zapitamo \u010dime je biv\u0161i visoki predstavnik Savjeta za provo\u0111enje mira izazvao gnjev prvog me\u0111u jednakima?<\/p>\n<h4>Simbol gordosti i imu\u0107stva srpskog naroda<\/h4>\n<p>U tekstu koji je 3. jula objavio\u00a0<em>Deutshe Welle<\/em>, Christian Schwarz-Schilling isti\u010de da je Milorad Dodik odgovoran za zastoj na putu Bosne i Hercegovine ka NATO-u, kao i za neprisustvovanje delegata njegovog Saveza nezavisnih socijaldemokrata sjednici Parlamentarne skup\u0161tine Bosne i Hercegovine\u00a0pred istek \u0161estomjese\u010dnog roka za izbor bh. predstavnika u Savjetu Evrope. Nazivaju\u0107i Dodika predsjednikom koji je ne priznaje svoju zemlju, Schwarz-Schilling tvrdi: &#8220;Dodik je ekstremni srpski nacionalista, koji se isklju\u010divo rukovodi navodnim srpskim interesima, pri \u010demu prelazi preko interesa zajedni\u010dke dr\u017eave, ne obaziru\u0107i se kakvu joj \u0161tetu time nanosi.&#8221;<\/p>\n<p>Opominju\u0107i da u Njema\u010dkoj i mnogim drugim zemljama negiranje genocida predstavlja krivi\u010dno djelo, Schwarz-Schilling postavlja pitanje: &#8220;Kada \u0107e tamo [u Bosni i Hercegovini] biti povu\u010dene pravne konsekvence i kada \u0107e do\u0107i do opoziva jednog ovakvog predsjednika?&#8221;<\/p>\n<p>Te\u0161ko je povjerovati da se Dodik uvrijedio zbog etikete ekstremnog srpskog nacionaliste koji radi na \u0161tetu Bosne i Hercegovine, a jo\u0161 je te\u017ee pomisliti da ga vrije\u0111a konstatacija da su interesi za koje on radi samo navodno srpski. Ne zato \u0161to je on jedini srpski politi\u010dar kome ve\u0107insko bira\u010dko tijelo u RS-u\u00a0mo\u017ee oprostiti \u010dinjenicu da &#8220;srpska dr\u017eava&#8221; uzima dvaput vi\u0161e poreza nego \u0161to su hara\u010da uzimali age i begovi, nego ba\u0161 zato \u0161to je t(akv)om bira\u010dkom tijelu Dodik simbol gordosti, a njegova imovina simbol imu\u0107stva srpskog naroda u Bosni i Hercegovini. Otud nejasno\u0107a kako je Dodika, u konkretnom slu\u010daju, uvrijedila slika o njemu koju svim silama \u017eeli plasirati bosanskohercegova\u010dkoj i regionalnoj javnosti.<\/p>\n<h4>Kako je Schwarz-Schilling osvijestio Inzka<\/h4>\n<p>Jedni \u0107e re\u0107i da je to \u010dist populizam, drugi da je to manifest profane sadomazohisti\u010dke tendencije, tre\u0107i\u00a0\u0107e uo\u010diti puku bahatost i hudu logiku, \u010detvrti se zbog tog osje\u0107aju poni\u017eeno, peti\u00a0se crvene tek onoliko koliko se o tome govori; u svakom slu\u010daju,\u00a0svi oni i one imaju svoju vlastitu listu razloga za\u0161to treba smijeniti Dodika i njegov aktuelni re\u017eim. Odgovor na to pitanje imali bi vjerovatno i simpatizeri Saveza nezavisnih socijaldemokrata i\u00a0\u010dlanovi ove partije, pogotovo visokorangirani. U svakom slu\u010daju, od smjene Dodikovog aktuelnog re\u017eima najve\u0107u koristi imali bi &#8211; bez ikakve dileme, bez mogu\u0107nosti da neko uop\u0161te posumnja u to &#8211; gra\u0111ani i gra\u0111anke RS-a.<\/p>\n<p>Naro\u010dito oni koji su ro\u0111eni onda kada je Dodik preuzeo vlast, radno sposobni ljudi spremni i za srednjo\u0161kolsko obrazovanje, od kojih bi ba\u0161 svi i sve pristojnije i elokventnije predstavljali srpski narod u Predsjedni\u0161tvu Bosne i Hercegovine. Tim prije, jedino \u0161to danas predstavlja zajedni\u010dki interes Srba i RS-a\u00a0jest upravo smjena Dodika i njegovog aktuelnog re\u017eima. To sugeri\u0161e i Schwarz-Schilling, spo\u010ditavaju\u0107i Dodiku borbu za navodne srpske interese, sugeri\u0161u\u0107i \u2013 izme\u0111u ostalog \u2013 da aktuelni visoki predstavnik Valentin Inzko smijeni Dodika i njemu sli\u010dne.<\/p>\n<p>Osam dana kasnije u Poto\u010darima, Inzko dao je do znanja da je pro\u010ditao tekst njema\u010dkog politi\u010dara i diplomate, najavljuju\u0107i da \u0107e Bosna i Hercegovina u narednoj godini dobiti zakon o zabrani negiranja genocida. Tekst biv\u0161eg visokog predstavnika u Bosni i Hercegovini o\u010digledno je osvijestio njegovog nasljednika da u Bosni i Hercegovini ima veoma ozbiljne ovlasti. Istina, zakon o zabrani negiranja genocida je jedan od najbitnijih zakona u oblasti ljudskih prava i civilnih sloboda u jednom tranzicijskom dru\u0161tvu, uslov bez kojeg se ne mo\u017ee.<\/p>\n<h4>Kada \u0107e Ruska Federacija\u00a0podr\u017eati zakon?<\/h4>\n<p>No, mi\u0161ljenje da taj zakon sam po sebi mo\u017ee donijeti promjenu o kakvoj govori Schwarz-Schilling je, prije svega, jednostrano\u00a0i time porazno za Bosnu i Hercegovinu. Da bi ta perspektiva bila jasnija, potrebno je postaviti sljede\u0107a pitanja:<\/p>\n<p>Zna\u010di li to da \u0107e Dodik ostati na vlasti ako prestane negirati genocid?<\/p>\n<p>Zna\u010di li to da \u0107e na vlasti ostati svi oni sli\u010dni\u00a0Dodiku\u00a0koji ne negiraju genocid, ali isto eksploati\u0161u pravnu ste\u010devinu genocida?<\/p>\n<p>Imaju\u0107i to u vidu, ne bi bilo pogre\u0161no re\u0107i da Inzku jo\u0161 uvijek nije sasvim jasno da u Bosni i Hercegovini danas ima mnogo vi\u0161e ovlasti nego Franjo Josif Prvi\u00a0110\u00a0godina ranije. Drugim rije\u010dima, klju\u010dno je pitanje za\u0161to Inzko smatra da ima priliku \u2013 rije\u010dima prvog me\u0111u jednakima \u2013 nametnuti Bosni i Hercegovini zakon o zabrani negiranja genocida, a da istovremeno nema priliku smijeniti\u00a0Dodika, njegove koalicione partnere na dr\u017eavnom nivou?\u00a0To je uslov bez kojeg \u0107e zakon o zabrani negiranja genocida ostati tek slovo na papiru, gotovo neprimjenjivo u korumpiranom sistemu pravosu\u0111a, izvr\u0161ne i zakonodavne vlasti.<\/p>\n<h4>Inzkov \u017eivot u bla\u017eenom neznanju<\/h4>\n<p>Naravno, Inzko nije svemogu\u0107, jer njegove akcije, na kraju krajeva, zahtijevaju i podr\u0161ku Ruske Federacije, \u010dlanice Savjeta za provo\u0111enje mira. No, uz pitanje kada \u0107e Ruska Federacija podr\u017eati zakon o zabrani negiranja genocida u Bosni i Hercegovini stoji, tako\u0111e,\u00a0pitanje kada \u0107e Ruska Federacija podr\u017eati smjenu Dodika i njemu sli\u010dnih u Bosni i Hercegovini?\u00a0Nakon bijega ruskog oligarha Ra\u0161ida Serdarova iz RS-a, \u010dini se kao da bi to moglo da se desi danas ili sutra. Osim ako nije u pitanju jo\u0161 jedna izmjena.<\/p>\n<p>A kad smo kod toga, povratak Schwarz-Schillinga zaista bi bio transfer godine u &#8220;Bijeloj ku\u0107i&#8221; na sarajevskim Kova\u010di\u0107ima. \u0160tavi\u0161e, kad bi visoki predstavnik u Bosni i Hercegovini smijenio Dodika i njegove koalicione partnere, zamrznuo njihovu i imovinu njihovih bli\u017eih i daljih saradnika, u Banjaluci bi imao bolji do\u010dek nego turski predsjednik Recep Tayyip Erdogan u Sarajevu.<\/p>\n<p>Osim ako\u00a0Inzko ne nastavi \u017eivjeti u bla\u017eenom neznanju, vjeruju\u0107i da je put ka Evropskoj uniji i NATO paktu mogu\u0107 sa Dodikom i njemu sli\u010dnim, vjeruju\u0107i da Dodik ne mo\u017ee opet okrenuti plo\u010du i re\u0107i \u2013 da, u Srebrenici je bio genocid. Zaista, je li to sve \u0161to me\u0111unarodna zajednica o\u010dekuje od Milorada Dodika?<\/p>\n<p><em>Izvor: Al Jazeera<\/em><\/p>\n","protected":false},"excerpt":{"rendered":"<p>Profesionalni srbofob, paranoi\u010dni politi\u010dki parazit, me\u0111unarodni me\u0161etar, bo\u0161nja\u010dki lobist&#8230; To je za Milorada Dodika, aktuelnog predsjedavaju\u0107eg Predsjedni\u0161tva Bosne i Hercegovine, njema\u010dki\u00a0politi\u010dar i diplomata Christian Schwarz-Schilling. Ove izraze, eufemizme mr\u017enje, fobije\u00a0i paranoje, objavile su beogradske\u00a0Ve\u010dernje novosti3. jula ove godine\u00a0kao vijest, bez potpisa autora. Kombinovanjem upravnog i neupravnog govora,\u00a0Ve\u010dernje novosti\u00a0prenijele su \u2013 uslovno re\u010deno \u2013 demanti u [&hellip;]<\/p>\n","protected":false},"author":59,"featured_media":11872,"comment_status":"open","ping_status":"closed","sticky":false,"template":"","format":"standard","meta":{"inline_featured_image":false,"footnotes":""},"categories":[234],"tags":[],"class_list":{"0":"post-11867","1":"post","2":"type-post","3":"status-publish","4":"format-standard","5":"has-post-thumbnail","7":"category-politika"},"acf":[],"_links":{"self":[{"href":"https:\/\/tvsensor.com\/api\/wp\/v2\/posts\/11867","targetHints":{"allow":["GET"]}}],"collection":[{"href":"https:\/\/tvsensor.com\/api\/wp\/v2\/posts"}],"about":[{"href":"https:\/\/tvsensor.com\/api\/wp\/v2\/types\/post"}],"author":[{"embeddable":true,"href":"https:\/\/tvsensor.com\/api\/wp\/v2\/users\/59"}],"replies":[{"embeddable":true,"href":"https:\/\/tvsensor.com\/api\/wp\/v2\/comments?post=11867"}],"version-history":[{"count":1,"href":"https:\/\/tvsensor.com\/api\/wp\/v2\/posts\/11867\/revisions"}],"predecessor-version":[{"id":11874,"href":"https:\/\/tvsensor.com\/api\/wp\/v2\/posts\/11867\/revisions\/11874"}],"wp:featuredmedia":[{"embeddable":true,"href":"https:\/\/tvsensor.com\/api\/wp\/v2\/media\/11872"}],"wp:attachment":[{"href":"https:\/\/tvsensor.com\/api\/wp\/v2\/media?parent=11867"}],"wp:term":[{"taxonomy":"category","embeddable":true,"href":"https:\/\/tvsensor.com\/api\/wp\/v2\/categories?post=11867"},{"taxonomy":"post_tag","embeddable":true,"href":"https:\/\/tvsensor.com\/api\/wp\/v2\/tags?post=11867"}],"curies":[{"name":"wp","href":"https:\/\/api.w.org\/{rel}","templated":true}]}}