{"id":1176,"date":"2019-02-26T09:17:36","date_gmt":"2019-02-26T09:17:36","guid":{"rendered":"https:\/\/senzor.ba\/?p=1176"},"modified":"2024-01-15T21:49:52","modified_gmt":"2024-01-15T20:49:52","slug":"zoran-kesic-na-americkoj-turneji-jedna-od-izvedenih-pjesama-o-bosni-video","status":"publish","type":"post","link":"https:\/\/tvsensor.com\/clanak\/zoran-kesic-na-americkoj-turneji-jedna-od-izvedenih-pjesama-o-bosni-video\/","title":{"rendered":"Zoran Kesi\u0107 na ameri\u010dkoj turneji: Jedna od izvedenih &#8216;pjesama&#8217; o Bosni (VIDEO)"},"content":{"rendered":"\n<p> Popularni srbijanski komi\u010dar &#8211; satiri\u010dar Zoran  Kesi\u0107 odr\u017eao je\u00a0u Washingtonu DC svoj show &#8220;Pri\u010de i pjesme&#8221;,  u\u00a0kojem\u00a0kombinira stand-up komediju, pozori\u0161te,  improvizacije,\u00a0kabaretske pjesme i interakcije s publikom. <\/p>\n\n\n\n<p>\nTeme provokativnog performansa bile su poznate \npublici u Washingtonu, od kojih ve\u0107ina&nbsp;gleda njegov popularni show &#8220;24 \nminuta sa Zoranom Kesi\u0107em&#8221;. Nije po\u0161tedio srbijanske&nbsp;politi\u010dare, ali i \npoliti\u010dare iz susjednih zemalja. Jedna od &#8220;pjesama&#8221; koju je izveo \nna&nbsp;sino\u0107njem koncertu bila je o Bosni, i&nbsp;o komplikovanom politi\u010dkom \nsistemu.<br><\/p>\n\n\n\n<figure class=\"wp-block-image\"><img decoding=\"async\" src=\"https:\/\/mbapi.oslobodjenje.ba\/storage\/images\/9a35\/99ec\/1614\/OPloeGnXTVGg486RAM_yrQ.jpg\" alt=\"image\" \/><figcaption> Pri\u010de i pjesme <\/figcaption><\/figure>\n\n\n\n<p> To je 42-godi\u0161njem Kesi\u0107u bio prvi profesionalni obilazak SAD-a, ali i  prvi put da je posjetio kontinent. U dvije sedmice nastupio je u \u010detiri  grada: Chicagu, New Yorku, Bostonu i Washingtonu D.C. Sala u centra  glavnog grada SAD bila je ispunjena do posljednjeg mjesta.<br><br><strong>Politi\u010dki ekosistem\u00a0u SAD i na Balkanu<\/strong><br><br> &#8211; Ovdje mi se svi\u0111a kako se debatuje. Tek kada mi na Balkanu do\u0111emo do  razine dijaloga\u00a0koji imamo ovdje, gdje se politi\u010dari biraju po  zaslugama, a ne partijskoj pripadnosti, mo\u0107i\u0107emo krenuti naprijed. Ta  demokratska tradicija je ne\u0161to \u0161to trebamo te\u017eiti u na\u0161em\u00a0regionu, kazao  je Zoran Kesi\u0107 za Oslobo\u0111enje.<br><br> Dodao je i\u00a0da se mnogi Amerikanci mo\u017eda\u00a0ne sla\u017eu sa sada\u0161njom  administracijom, ali da su sloboda govora i medija vitalne\u00a0komponente  prave demokratije. <\/p>\n\n\n\n<figure class=\"wp-block-embed-youtube wp-block-embed is-type-video is-provider-youtube wp-embed-aspect-4-3 wp-has-aspect-ratio\"><div class=\"wp-block-embed__wrapper\">\n<iframe loading=\"lazy\" title=\"Zoran Kesic u Washingtonu1\" width=\"696\" height=\"522\" src=\"https:\/\/www.youtube.com\/embed\/HpaytxODCxU?feature=oembed&#038;enablejsapi=1\" frameborder=\"0\" allow=\"accelerometer; autoplay; clipboard-write; encrypted-media; gyroscope; picture-in-picture\" allowfullscreen><\/iframe>\n<\/div><\/figure>\n\n\n\n<p> Na pitanje o tome postoje li razlike u situaciji u zemljama biv\u0161e Jugoslavije, rekao je &#8220;da\u00a0apsolutno nema razlike&#8221;.<br><br> &#8211; Budu\u0107i da ne postoje razlike, gra\u0111ani bi se trebali okrenuti\u00a0suradnji i  ljubavi, a ne onome \u0161to nas politi\u010dari poku\u0161avaju hraniti &#8211; mr\u017enjom  i\u00a0nacionalizmom. Najlak\u0161e se oni kre\u0107u u tim &#8220;vodama&#8221; (neki \u010ditaoci bi  se uvrijedili da\u00a0napi\u0161emo rije\u010d koju je upotrebio), objasnio je Kesi\u0107.<br><br> Na pitanje mogu li se\u00a0o\u010dekivati pobolj\u0161anja, on ostaje optimisti\u010dan. <\/p>\n\n\n\n<p> &#8211; Kao gra\u0111anin, nadam\u00a0se, ali kao profesionalni  komi\u010dar i satiri\u010dar, bojim se. Mi (komi\u010dari) smo profiteri gluposti i  la\u017ei. Ako ih vi\u0161e nemamo, bit \u0107u bez posla, \u0161ali se, dodaju\u0107i kako \u0107e to  vjerojatno trajati\u00a0dugo.<br><br> Nakon gotovo dva sata, publika je oti\u0161la zadovoljna, ali pesimisti\u010dna o politi\u010dkoj situaciji u\u00a0svojoj domovini.<br><br> &#8211; Boli \u0161to ima toliko politi\u010dkih referenci jer to zna\u010di da u na\u0161oj  zemlji ima mnogo materijala da\u00a0se komi\u010dari mogu \u0161aliti o na\u0161em  razbijenom politi\u010dkom sistemu, rekao je 27-godi\u0161nji Milo\u0161\u00a0Stanojevi\u0107 iz  Ni\u0161a.<br><br> &#8211; Redovno gledamo Kesi\u0107a, smejemo se kao \u0161to smo se i ve\u010deras smijali.  \u017dalosno je da je\u00a0to sve surova istina, i da smo zbog svega toga ovdje , a  ne u na\u0161oj Bosni i Hercegovini,\u00a0izjavila je Ajla, porijeklom iz  Sarajeva.<br><br><strong>\u010cetiri razli\u010dite vrste\u00a0publike<\/strong><br><br> &#8211; Svaka predstava je bila prilago\u0111ena stvarnosti tog odre\u0111enog grada u  kojem je bio nastup.\u00a0Na taj na\u010din, Kesi\u0107eve predstave se \u0161ire i  oboga\u0107uju svakim showom kao rastu\u0107i,\u00a0mijenjaju\u0107i organizam, kazali su  organizatori u\u00a0&#8220;Cultural Centre America&#8221; sa sjedi\u0161tem u\u00a0Chicagu, a\u00a0koja  predstavlja\u00a0izvedbe\u00a0umjetnika sa Balkana\u00a0diljem SAD-a. <\/p>\n\n\n\n<figure class=\"wp-block-embed-youtube wp-block-embed is-type-video is-provider-youtube wp-embed-aspect-4-3 wp-has-aspect-ratio\"><div class=\"wp-block-embed__wrapper\">\n<iframe loading=\"lazy\" title=\"Zoran Kesic u Washingtonu\" width=\"696\" height=\"522\" src=\"https:\/\/www.youtube.com\/embed\/ydHho_SI8D8?feature=oembed&#038;enablejsapi=1\" frameborder=\"0\" allow=\"accelerometer; autoplay; clipboard-write; encrypted-media; gyroscope; picture-in-picture\" allowfullscreen><\/iframe>\n<\/div><\/figure>\n\n\n\n<p>\n&#8211; To su bile \u010detiri sasvim razli\u010dite publike, u\n \u010detiri razli\u010dita ambijenta, kazao je Kesi\u0107, koji se&nbsp;\u0161alio sa&nbsp;publikom \nzbog psovke &#8220;u crkvi&#8221; nakon \u0161to je s njima sudjelovao kao dio \npoliti\u010dkog&nbsp;skita na kraju njegova nastupa.<br><br>\nKesi\u0107 je vode\u0107e lice TV &#8220;no\u0107ne scene&#8221; u Srbiji, a njegova emisija &#8220;24 \nminute sa Zoranom&nbsp;Kesi\u0107em&#8221; popularna je u&nbsp;zemljama biv\u0161e Jugoslavije.<br><\/p>\n\n\n\n<figure class=\"wp-block-image\"><img decoding=\"async\" src=\"https:\/\/mbapi.oslobodjenje.ba\/storage\/images\/9a35\/99ec\/1615\/cuysNduSSw6e4iXFnPqoHA.jpg\" alt=\"image\" \/><figcaption> Turneja u SAD-u <\/figcaption><\/figure>\n\n\n\n<p>&#8211; Nova sezona emisije po\u010dinje 9. marta, najavio je Kesi\u0107.<br><br> Najpoznatiji je po svojim politi\u010dkim komentarima i satiri, a \u010desto  kritikuje i srbijansku vladu i njene politi\u010dare, uklju\u010duju\u0107i ske\u010deve o  predsjedniku Aleksandru Vu\u010di\u0107.<\/p>\n\n\n\n<p>\n\nKesi\u0107 je veliki zagovornik slobode medija, \u0161to je&nbsp;\u0161iroko sporna tema u \nSrbiji, gdje mnogi&nbsp;optu\u017euju vladu da ograni\u010dava novinarske slobode.\n\n<\/p>\n","protected":false},"excerpt":{"rendered":"<p>Popularni srbijanski komi\u010dar &#8211; satiri\u010dar Zoran Kesi\u0107 odr\u017eao je\u00a0u Washingtonu DC svoj show &#8220;Pri\u010de i pjesme&#8221;, u\u00a0kojem\u00a0kombinira stand-up komediju, pozori\u0161te, improvizacije,\u00a0kabaretske pjesme i interakcije s publikom. Teme provokativnog performansa bile su poznate publici u Washingtonu, od kojih ve\u0107ina&nbsp;gleda njegov popularni show &#8220;24 minuta sa Zoranom Kesi\u0107em&#8221;. Nije po\u0161tedio srbijanske&nbsp;politi\u010dare, ali i politi\u010dare iz susjednih zemalja. [&hellip;]<\/p>\n","protected":false},"author":59,"featured_media":1177,"comment_status":"open","ping_status":"closed","sticky":false,"template":"","format":"standard","meta":{"inline_featured_image":false,"footnotes":""},"categories":[40,41,37],"tags":[],"class_list":{"0":"post-1176","1":"post","2":"type-post","3":"status-publish","4":"format-standard","5":"has-post-thumbnail","7":"category-region","8":"category-svijet","9":"category-vijesti"},"acf":[],"_links":{"self":[{"href":"https:\/\/tvsensor.com\/api\/wp\/v2\/posts\/1176","targetHints":{"allow":["GET"]}}],"collection":[{"href":"https:\/\/tvsensor.com\/api\/wp\/v2\/posts"}],"about":[{"href":"https:\/\/tvsensor.com\/api\/wp\/v2\/types\/post"}],"author":[{"embeddable":true,"href":"https:\/\/tvsensor.com\/api\/wp\/v2\/users\/59"}],"replies":[{"embeddable":true,"href":"https:\/\/tvsensor.com\/api\/wp\/v2\/comments?post=1176"}],"version-history":[{"count":1,"href":"https:\/\/tvsensor.com\/api\/wp\/v2\/posts\/1176\/revisions"}],"predecessor-version":[{"id":1178,"href":"https:\/\/tvsensor.com\/api\/wp\/v2\/posts\/1176\/revisions\/1178"}],"wp:featuredmedia":[{"embeddable":true,"href":"https:\/\/tvsensor.com\/api\/wp\/v2\/media\/1177"}],"wp:attachment":[{"href":"https:\/\/tvsensor.com\/api\/wp\/v2\/media?parent=1176"}],"wp:term":[{"taxonomy":"category","embeddable":true,"href":"https:\/\/tvsensor.com\/api\/wp\/v2\/categories?post=1176"},{"taxonomy":"post_tag","embeddable":true,"href":"https:\/\/tvsensor.com\/api\/wp\/v2\/tags?post=1176"}],"curies":[{"name":"wp","href":"https:\/\/api.w.org\/{rel}","templated":true}]}}