{"id":1170,"date":"2019-02-26T08:59:27","date_gmt":"2019-02-26T08:59:27","guid":{"rendered":"https:\/\/senzor.ba\/?p=1170"},"modified":"2024-01-15T21:49:53","modified_gmt":"2024-01-15T20:49:53","slug":"bogic-bogicevic-bih-ima-i-unutrasnje-i-vanjske-neprijatelje-bosnjaci-su-u-teskoj-situaciji","status":"publish","type":"post","link":"https:\/\/tvsensor.com\/clanak\/bogic-bogicevic-bih-ima-i-unutrasnje-i-vanjske-neprijatelje-bosnjaci-su-u-teskoj-situaciji\/","title":{"rendered":"Bogi\u0107 Bogi\u0107evi\u0107: BiH ima i unutra\u0161nje i vanjske neprijatelje, Bo\u0161njaci su u te\u0161koj situaciji"},"content":{"rendered":"\n<p>Na pitanje kako komentari\u0161e odluku BH bloka (SDP, DF i Na\u0161a stranka) \nda ne u\u0111e u vlast kazao je kako svaka odluka ima posljedice ali da \u0107e \nvrijeme pokazati da li su bili upravu<\/p>\n\n\n\n<p>Bo\u0161njaci su napravili dobru stvar jer na Bo\u0161nja\u010dkom saboru 1993. \ngodine nisu prihvatili bo\u0161nja\u010dku dr\u017eavu jer bi to zna\u010dilo samoubistvo za\n Bo\u0161njake u ovakvom okru\u017eenju. Bo\u0161njaci su, nesporno, u ovakvom \nokru\u017eenju u jednoj te\u0161koj situaciji i mogao bi se jo\u0161 uvijek tra\u017eiti \nkompromis i na unutra\u0161njem planu i kod onih koji garantuju cjelovitost \nBiH, kazao je za FTV Bogi\u0107 Bogi\u0107evi\u0107 nekada\u0161nji \u010dlan Predsjedni\u0161tva \nSFRJ.<\/p>\n\n\n\n<p><br>\u2013 Nemam ja dileme, ne\u0107e se ni\u0161ta dogoditi sa otcjepljenjem \npojedinih dijelova BiH jer to ne mo\u017ee bez Savjeta bezbjednosti \nUjedinjenih nacija. Puno su investirali bez obzira \u0161to ih sada nema jer \nBiH nije na listi prioriteta. Nikada niko ne mo\u017ee uni\u0161titi jedan narod i\n drugo narodu treba dr\u017eava. Treba raditi na tome da dr\u017eava funkcioni\u0161e. I\n Palestinci su narod, a vidimo kako im je bez dr\u017eave. Malo se radi na \ndr\u017eavi da funkcioni\u0161e, jer su se svi zatvorili u svoje nacionalne okvire\n i navodno brigu brinu samo o svome narodu, a malo o dr\u017eavi \u2013 smatra \nBogi\u0107evi\u0107.<\/p>\n\n\n\n<p>Na pitanje kako komentari\u0161e odluku BH bloka (SDP, DF i Na\u0161a stranka) \nda ne u\u0111e u vlast kazao je kako svaka odluka ima posljedice ali da \u0107e \nvrijeme pokazati da li su bili upravu.<\/p>\n\n\n\n<p>\u2013 \u0160teta bi bila da se uni\u0161te multietni\u010dke partije u BiH koje postoje \nna ovom prostoru, na podru\u010dju RS-a i zapadne Hercegovine ih ni nema \u0161to \nje lo\u0161e. Ako bi se i ovdje ugasila ta iskra multietni\u010dke partije pa i \nSDP-a ne bi bilo dobro za budu\u0107nost BiH. Bila bi to lo\u0161a poruka. Mi ne \nznamo \u0161ta nas \u010deka u budu\u0107nosti, u svijetu su velika previranja u Evropi\n u maju dolazi desnica na vlast. Mi ne\u0107emo ove godine uop\u0161te biti \npredmet razgovora u Evropskoj uniji. Mi ne znamo kada se i mo\u017ee li se \ndogoditi neka nova Jalta, neki novi Berlinski kongres, neka nova \nBadenterova komisija jer je sve otvoreno \u2013 kazao je Bogi\u0107evi\u0107.<\/p>\n\n\n\n<p>Bogi\u0107evi\u0107 je komentirao i termine koji su u\u010destali u posljednje \nvrijeme na politi\u010dkoj sceni kao \u0161to \u201clegitiman, autenti\u010dan, autenti\u010dni \nSrbi.\u201d<\/p>\n\n\n\n<p>\u2013 Autenti\u010dni su, a to sam osjetio na svojoj ko\u017ei zadnjih 30 godina, \noni koji su odani i poslu\u0161ni vo\u0111i. Prije svega vo\u0111i jer je on taj koji \nocjenjuje koliko je ko veliki Srbin, Bo\u0161njak ili Hrvat. To je novi \ntermin koji sam ovih dana \u010duo autenti\u010dni, izvorni, legitimni, pravi, sve\n su to gluposti koje \u0107e pro\u0107i. Moja sugestija je da poku\u0161aju svi misliti\n svojom glavom, ako ni\u0161ta za budu\u0107nost da sa\u010duvaju bar malo obraza i da \nostave neki pozitivni trag za dobro svih ljudi i naroda.<\/p>\n\n\n\n<p>Bogi\u0107evi\u0107 je kazao da BiH ima i svoje unutra\u0161nje i vanjske neprijatelje i to one koji su otvoreno protiv BiH i ne kriju to.<\/p>\n\n\n\n<p>\u2013 Vlast u Banja Luci, ne svi naravno, Dodik to i ne krije i ka\u017ee da \nBiH ne mo\u017ee opstati, da smo tu nasilu, da se razmi\u0161lja o novoj dr\u017eavi. \nIzvana imamo i one koji, prvo na\u0161i susjedi koji nisu odustali od ideja \nstvaranja velike Hrvatske i velike Srbije. Naravno ne svi. Imamo tamo \nljude koji misle za budu\u0107nost, misle o integracijama, misle o \nzajedni\u010dkom \u017eivotu, ne vra\u0107aju nas u feudalnu pro\u0161lost.<\/p>\n\n\n\n<p>Biv\u0161i \u010dlan Predsjedni\u0161tva SFRJ kazao je da je BiH danas nezavisna \nonoliko koliko je priznata u Ujedinjenim nacijama i \u010dlanica UN-a \nisti\u010du\u0107i da ona nije priznata od svih svojih gra\u0111ana, svojih vlasti i da\n se u tom smislu ne mo\u017ee govoriti o suverenitetu i nezavisnosti jedne \ndr\u017eave koja nastupa jedinstveno, ali ne unitarno, prema svijetu i \ntra\u017ee\u0107i prijatelje me\u0111u dr\u017eavama u Evropi i svijetu, prenosi Fokus.&nbsp;<\/p>\n","protected":false},"excerpt":{"rendered":"<p>Na pitanje kako komentari\u0161e odluku BH bloka (SDP, DF i Na\u0161a stranka) da ne u\u0111e u vlast kazao je kako svaka odluka ima posljedice ali da \u0107e vrijeme pokazati da li su bili upravu Bo\u0161njaci su napravili dobru stvar jer na Bo\u0161nja\u010dkom saboru 1993. godine nisu prihvatili bo\u0161nja\u010dku dr\u017eavu jer bi to zna\u010dilo samoubistvo za [&hellip;]<\/p>\n","protected":false},"author":59,"featured_media":1171,"comment_status":"open","ping_status":"closed","sticky":false,"template":"","format":"standard","meta":{"inline_featured_image":false,"footnotes":""},"categories":[37,38],"tags":[],"class_list":{"0":"post-1170","1":"post","2":"type-post","3":"status-publish","4":"format-standard","5":"has-post-thumbnail","7":"category-vijesti","8":"category-vijesti-iz-bih"},"acf":[],"_links":{"self":[{"href":"https:\/\/tvsensor.com\/api\/wp\/v2\/posts\/1170","targetHints":{"allow":["GET"]}}],"collection":[{"href":"https:\/\/tvsensor.com\/api\/wp\/v2\/posts"}],"about":[{"href":"https:\/\/tvsensor.com\/api\/wp\/v2\/types\/post"}],"author":[{"embeddable":true,"href":"https:\/\/tvsensor.com\/api\/wp\/v2\/users\/59"}],"replies":[{"embeddable":true,"href":"https:\/\/tvsensor.com\/api\/wp\/v2\/comments?post=1170"}],"version-history":[{"count":1,"href":"https:\/\/tvsensor.com\/api\/wp\/v2\/posts\/1170\/revisions"}],"predecessor-version":[{"id":1172,"href":"https:\/\/tvsensor.com\/api\/wp\/v2\/posts\/1170\/revisions\/1172"}],"wp:featuredmedia":[{"embeddable":true,"href":"https:\/\/tvsensor.com\/api\/wp\/v2\/media\/1171"}],"wp:attachment":[{"href":"https:\/\/tvsensor.com\/api\/wp\/v2\/media?parent=1170"}],"wp:term":[{"taxonomy":"category","embeddable":true,"href":"https:\/\/tvsensor.com\/api\/wp\/v2\/categories?post=1170"},{"taxonomy":"post_tag","embeddable":true,"href":"https:\/\/tvsensor.com\/api\/wp\/v2\/tags?post=1170"}],"curies":[{"name":"wp","href":"https:\/\/api.w.org\/{rel}","templated":true}]}}