{"id":11582,"date":"2019-07-09T07:46:29","date_gmt":"2019-07-09T07:46:29","guid":{"rendered":"https:\/\/senzor.ba\/?p=11582"},"modified":"2024-01-15T21:46:27","modified_gmt":"2024-01-15T20:46:27","slug":"bih-na-jahorini-poceo-samit-lidera-zemalja-clanica-seecp-a","status":"publish","type":"post","link":"https:\/\/tvsensor.com\/clanak\/bih-na-jahorini-poceo-samit-lidera-zemalja-clanica-seecp-a\/","title":{"rendered":"BiH: Na Jahorini po\u010deo samit lidera zemalja \u010dlanica SEECP-a"},"content":{"rendered":"<p>Dolaskom lidera i predstavnika zemalja u\u010desnica Procesa saradnje u jugoisto\u010dnoj Evropi (SEECP) po\u010deo je plenarni sastanak ove regionalne inicijative kojom predsjedava Bosna i Hercegovina, javlja Anadolu Agency (AA).<\/p>\n<p>Samitu, koji se odr\u017eava u hotelu \u201cTermag\u201d na Jahorini, prisustvuju predsjedavaju\u0107i i \u010dlanovi Predsjedni\u0161tva BiH Milorad Dodik, \u0160efik D\u017eaferovi\u0107 i \u017deljko Kom\u0161i\u0107, predsjednik Turske Recep Tayyip Erdogan, predsjednik Crne Gore Milo \u0110ukanovi\u0107, predsjednik Sjeverne Makedonije Stevo Pendarovski, predsjednik Albanije Ilir Meta, premijerka Srbije Ana Brnabi\u0107, premijer Bugarske Boyko Borisov, te predstavnici Hrvatske, Rumunije, Gr\u010dke, Moldavije i Slovenije.<\/p>\n<p>Plenarnoj sesiji prisustvuju i predstavnici Evropske unije (EU) i Vije\u0107a za regionalnu saradnju (RCC), dok je svoj dolazak u BiH otkazala delegacija Kosova.<\/p>\n<p>Prije po\u010detka samog sastanka uprili\u010deno je zajedni\u010dko fotografisanje \u0161efova delegacija.<\/p>\n<p>U\u010desnici \u0107e u toku sesije usvojiti Deklaraciju samita SEECP-a, nakon \u010dega je planirano i obra\u0107anje medijima.<\/p>\n<p>Samitu je prethodila sve\u010dana ve\u010dera za \u0161efove delegacija, kao i sastanak ministara vanjskih poslova Procesa za saradnju u jugoisto\u010dnoj Evropi.<\/p>\n<p>Samitom na Jahorini BiH zavr\u0161ava jednogodi\u0161nje predsjedanje SEECP-om, nakon \u010dega bi vo\u0111enje ove inicijative trebalo preuzeti Kosovo.<\/p>\n<p>Regionalna inicijativa SEECP pokrenuta je 1996. godine u Sofiji u cilju ja\u010danja regionalne suradnje, sigurnosti i stabilnosti.<\/p>\n","protected":false},"excerpt":{"rendered":"<p>Dolaskom lidera i predstavnika zemalja u\u010desnica Procesa saradnje u jugoisto\u010dnoj Evropi (SEECP) po\u010deo je plenarni sastanak ove regionalne inicijative kojom predsjedava Bosna i Hercegovina, javlja Anadolu Agency (AA). Samitu, koji se odr\u017eava u hotelu \u201cTermag\u201d na Jahorini, prisustvuju predsjedavaju\u0107i i \u010dlanovi Predsjedni\u0161tva BiH Milorad Dodik, \u0160efik D\u017eaferovi\u0107 i \u017deljko Kom\u0161i\u0107, predsjednik Turske Recep Tayyip Erdogan, [&hellip;]<\/p>\n","protected":false},"author":59,"featured_media":11589,"comment_status":"open","ping_status":"closed","sticky":false,"template":"","format":"standard","meta":{"inline_featured_image":false,"footnotes":""},"categories":[40],"tags":[],"class_list":{"0":"post-11582","1":"post","2":"type-post","3":"status-publish","4":"format-standard","5":"has-post-thumbnail","7":"category-region"},"acf":[],"_links":{"self":[{"href":"https:\/\/tvsensor.com\/api\/wp\/v2\/posts\/11582","targetHints":{"allow":["GET"]}}],"collection":[{"href":"https:\/\/tvsensor.com\/api\/wp\/v2\/posts"}],"about":[{"href":"https:\/\/tvsensor.com\/api\/wp\/v2\/types\/post"}],"author":[{"embeddable":true,"href":"https:\/\/tvsensor.com\/api\/wp\/v2\/users\/59"}],"replies":[{"embeddable":true,"href":"https:\/\/tvsensor.com\/api\/wp\/v2\/comments?post=11582"}],"version-history":[{"count":1,"href":"https:\/\/tvsensor.com\/api\/wp\/v2\/posts\/11582\/revisions"}],"predecessor-version":[{"id":11590,"href":"https:\/\/tvsensor.com\/api\/wp\/v2\/posts\/11582\/revisions\/11590"}],"wp:featuredmedia":[{"embeddable":true,"href":"https:\/\/tvsensor.com\/api\/wp\/v2\/media\/11589"}],"wp:attachment":[{"href":"https:\/\/tvsensor.com\/api\/wp\/v2\/media?parent=11582"}],"wp:term":[{"taxonomy":"category","embeddable":true,"href":"https:\/\/tvsensor.com\/api\/wp\/v2\/categories?post=11582"},{"taxonomy":"post_tag","embeddable":true,"href":"https:\/\/tvsensor.com\/api\/wp\/v2\/tags?post=11582"}],"curies":[{"name":"wp","href":"https:\/\/api.w.org\/{rel}","templated":true}]}}