{"id":11581,"date":"2019-07-09T07:44:22","date_gmt":"2019-07-09T07:44:22","guid":{"rendered":"https:\/\/senzor.ba\/?p=11581"},"modified":"2024-01-15T21:46:27","modified_gmt":"2024-01-15T20:46:27","slug":"kolijevka-svijeta-znate-li-kako-danas-izgleda-drevni-babilon","status":"publish","type":"post","link":"https:\/\/tvsensor.com\/clanak\/kolijevka-svijeta-znate-li-kako-danas-izgleda-drevni-babilon\/","title":{"rendered":"Kolijevka svijeta: Znate li kako danas izgleda drevni Babilon"},"content":{"rendered":"<p>Komitet za svjetsku ba\u0161tinu UNESCO-a saop\u0107io je da je ira\u010dki Babilon dodan na Listu svjetske ba\u0161tine.<\/p>\n<p>Objavili su da je ova\u00a0<strong>mezopotamska metropola od sada pod za\u0161titom UNESCO-a.\u00a0<\/strong><\/p>\n<p>Iz ira\u010dke Vlade zadovoljni su ovakvom odlukom ukazuju\u0107i na va\u017enost i doprinos koju je<strong>ovaj jedinstveni drevni grad pru\u017eio \u010dovje\u010danstvu.\u00a0<\/strong><\/p>\n<p><img decoding=\"async\" class=\"alignnone size-medium\" src=\"https:\/\/storage.radiosarajevo.ba\/image\/472654\/1180x732\/babilon_irak_AA06.jpg\" \/><\/p>\n<p>Irak od 1983. godine poku\u0161ava uvjeriti UNESCO da prepozna ovaj lokalitet koji se prote\u017ee na deset kvadratnih kilometara. Va\u017eno je napomenuti da su iskopavanja obavljena na samo 18 posto povr\u0161ine.<\/p>\n<p>Babilon je smje\u0161ten na oko 100 kilometara od ira\u010dke prijestolnice Bagdada, a prema historijskim izvorima\u00a0bio je\u00a0<strong>centar drevnog carstva prije vi\u0161e od 4.000 godina.<\/strong><\/p>\n<p><img decoding=\"async\" class=\"alignnone size-medium\" src=\"https:\/\/storage.radiosarajevo.ba\/image\/472656\/1180x732\/babilon_irak_AA05.jpg\" \/><\/p>\n<p>Le\u017ei u srcu Mezopotamije,<strong>\u00a0tamo gdje se pribli\u017eavaju rijeke Eufrat i Tigris.\u00a0<\/strong>Nalazio se na raskri\u017eju velikih trgova\u010dkih putova koji su vodili iz Male Azije i Kavkazja prema Perzijskom zaljevu.<\/p>\n<p><img decoding=\"async\" class=\"alignnone size-medium\" src=\"https:\/\/storage.radiosarajevo.ba\/image\/472650\/1180x732\/babilon_irak_AA01.jpg\" \/><\/p>\n","protected":false},"excerpt":{"rendered":"<p>Komitet za svjetsku ba\u0161tinu UNESCO-a saop\u0107io je da je ira\u010dki Babilon dodan na Listu svjetske ba\u0161tine. Objavili su da je ova\u00a0mezopotamska metropola od sada pod za\u0161titom UNESCO-a.\u00a0 Iz ira\u010dke Vlade zadovoljni su ovakvom odlukom ukazuju\u0107i na va\u017enost i doprinos koju jeovaj jedinstveni drevni grad pru\u017eio \u010dovje\u010danstvu.\u00a0 Irak od 1983. godine poku\u0161ava uvjeriti UNESCO da prepozna [&hellip;]<\/p>\n","protected":false},"author":59,"featured_media":11586,"comment_status":"open","ping_status":"closed","sticky":false,"template":"","format":"standard","meta":{"inline_featured_image":false,"footnotes":""},"categories":[239],"tags":[],"class_list":{"0":"post-11581","1":"post","2":"type-post","3":"status-publish","4":"format-standard","5":"has-post-thumbnail","7":"category-putovanja"},"acf":[],"_links":{"self":[{"href":"https:\/\/tvsensor.com\/api\/wp\/v2\/posts\/11581","targetHints":{"allow":["GET"]}}],"collection":[{"href":"https:\/\/tvsensor.com\/api\/wp\/v2\/posts"}],"about":[{"href":"https:\/\/tvsensor.com\/api\/wp\/v2\/types\/post"}],"author":[{"embeddable":true,"href":"https:\/\/tvsensor.com\/api\/wp\/v2\/users\/59"}],"replies":[{"embeddable":true,"href":"https:\/\/tvsensor.com\/api\/wp\/v2\/comments?post=11581"}],"version-history":[{"count":2,"href":"https:\/\/tvsensor.com\/api\/wp\/v2\/posts\/11581\/revisions"}],"predecessor-version":[{"id":11588,"href":"https:\/\/tvsensor.com\/api\/wp\/v2\/posts\/11581\/revisions\/11588"}],"wp:featuredmedia":[{"embeddable":true,"href":"https:\/\/tvsensor.com\/api\/wp\/v2\/media\/11586"}],"wp:attachment":[{"href":"https:\/\/tvsensor.com\/api\/wp\/v2\/media?parent=11581"}],"wp:term":[{"taxonomy":"category","embeddable":true,"href":"https:\/\/tvsensor.com\/api\/wp\/v2\/categories?post=11581"},{"taxonomy":"post_tag","embeddable":true,"href":"https:\/\/tvsensor.com\/api\/wp\/v2\/tags?post=11581"}],"curies":[{"name":"wp","href":"https:\/\/api.w.org\/{rel}","templated":true}]}}