{"id":11579,"date":"2019-07-09T07:40:59","date_gmt":"2019-07-09T07:40:59","guid":{"rendered":"https:\/\/senzor.ba\/?p=11579"},"modified":"2024-01-15T21:46:27","modified_gmt":"2024-01-15T20:46:27","slug":"nura-begovic-uz-posmrtne-ostatke-brata-adila-pronasla-rucni-sat-stao-u-trenutku-smrti-i-kljuceve","status":"publish","type":"post","link":"https:\/\/tvsensor.com\/clanak\/nura-begovic-uz-posmrtne-ostatke-brata-adila-pronasla-rucni-sat-stao-u-trenutku-smrti-i-kljuceve\/","title":{"rendered":"Nura Begovi\u0107 uz posmrtne ostatke brata Adila prona\u0161la ru\u010dni sat, stao u trenutku smrti, i klju\u010deve"},"content":{"rendered":"<p>Nura Begovi\u0107, jedna je od srebreni\u010dkih \u017eena koje su u julu 1995. godine, ostale bez o\u010deva, bra\u0107e, mu\u017eeva&#8230;<\/p>\n<p>Na kolektivnoj d\u017eenazi 11. jula ove godine u mezarju Memorijalnog centra Srebrenica &#8211; Poto\u010dari ukopat \u0107e posmrtne ostatke jedinog brata Adila Sulji\u0107a. U trenutku smrti imao je samo 43 godine. Iza njega je ostala supruga i dvoje djece, pi\u0161e Anadolija.<\/p>\n<p>I Nura je kao i ve\u0107ina drugih \u017eena, koje su se padom Srebrenice nalazile u ovom gradu, u konvoju pre\u0161la do slobodne teritorije. Nakon rata vratila se ku\u0107i, u blizini Memorijalnog centra u Poto\u010darima.<\/p>\n<p><img decoding=\"async\" class=\"alignnone size-medium\" src=\"https:\/\/cdn.oslobodjenje.ba\/images\/slike\/2019\/07\/09\/3766651.jpg\" \/>Dok pri\u010da o bratu Adilu, u ruci dr\u017ei njegov ru\u010dni sat &#8211; stao u vrijeme njegove smrti \u2013 18.35 sati. Tu su i klju\u010devi od ku\u0107e koje je Adil imao sa sobom u trenutku smrti. Prona\u0111eni su zajedno sa njegovim posmrtnim ostacima. Na\u017ealost, od njegovih kostiju prona\u0111ena je samo jedna \u0161aka.<\/p>\n<p>&#8220;Brat je odlu\u010dio da ide preko \u0161ume. U koloni od hiljada ljudi bio je i moj brat. Oti\u0161ao je zajedno sa mojim i mu\u017eem od sestre. Moj mu\u017e je pre\u017eivio ali on i mu\u017e od sestre nisu&#8221;, ispri\u010dala je Nura dok pokazuje fotografiju brata i njegove li\u010dne stvari prona\u0111ene sa njegovim posmrtnim ostacima.<\/p>\n<div><img decoding=\"async\" class=\"alignnone size-medium\" src=\"https:\/\/cdn.oslobodjenje.ba\/images\/slike\/2019\/07\/09\/3766653.jpg\" \/><\/div>\n<div>\n<p>Prisjetila se i dolaska u Tuzlu i informacija koje su tada stizale o mu\u0161karcima koji su krenuli preko \u0161uma do slobodne teritorije.<\/p>\n<p>&#8220;Na po\u010detku smo \u010dekali da do\u0111u, da pre\u0111u do Tuzle. Me\u0111utim, kako su dolazile informacije gubili smo nadu da \u0107e iko \u017eiv pre\u0107i. Moj brat nije daleko stigao, do mjesta Kravica. Nakon 23 godine, u novembru pro\u0161le godine, dobila sam poziv Instituta za nestale osobe iz kancelarije u RS-u da su prona\u0111eni posmrtni ostaci mog brata&#8221;, kazala je Nura.<\/p>\n<p>Oti\u0161la je i potvrdila identitet.<\/p>\n<p>&#8220;Prona\u0111eno je samo malo kostiju, na povr\u0161ini zemlje. Njegovi posmrtni ostaci su pokupljeni na Ko\u0161tan Brdu, iznad Kravice. Od 2005. pa do pro\u0161le godine, njegovi posmrtni ostaci i odjevni predmeti su bili u toj kancelariji Instituta RS-a. Na\u0161la sam samo \u0161aku od cijelog njegovog tijela. Njegovi odjevni predmeti &#8211; cipela, trenerka, zatim sat i klju\u010devi potvr\u0111uju njegov identitet&#8221;, ispri\u010dala je Nura.<\/p>\n<p>Unato\u010d malom broju prona\u0111enih kostiju odlu\u010dili su se za ukop na kolektivnoj d\u017eenazi ove godine.<\/p>\n<p><img decoding=\"async\" class=\"alignnone size-medium\" src=\"https:\/\/cdn.oslobodjenje.ba\/images\/slike\/2019\/07\/09\/3766652.jpg\" \/><\/p>\n<p>&#8220;Kakva je bila njegova smrt, ne znamo. Znamo samo da je ubijen na najbrutalniji na\u010din. Na\u017ealost, moja majka nije do\u010dekala da ga ukopa. Nikad nisam prestala da ga tra\u017eim&#8221;, kazala je Nura koja je bila na ve\u0107ini mjesta gdje su prona\u0111ene pojedina\u010dne i masovne grobnice ubijenih Srebreni\u010dana.<\/p>\n<p>Podcrtala je da nikada ne\u0107e odustati od tra\u017eenja posmrtnih ostataka i ostalih ubijenih Srebreni\u010dana. Me\u0111utim, poslala je poruku porodicama \u017ertava koje su ve\u0107 identifikovane, da ukopaju ve\u0107 identificirane posmrtne ostatke kako ne bi &#8220;le\u017eale po identifikacionim centrima i kosturnicama&#8221;.<\/p>\n<p>U mezarju Memorijalnog centra Poto\u010dari do sada je smiraj prona\u0161lo 6.610 \u017ertava genocida, a traga se za jo\u0161 oko 1.000.<\/p>\n<p>Posmrtni ostaci \u017ertava genocida prona\u0111eni su na oko 150 razli\u010ditih lokaliteta, od \u010dega je vi\u0161e od 70 masovnih grobnica. Najmla\u0111a do sada ukopana \u017ertva u Poto\u010darima je novoro\u0111en\u010de, djevoj\u010dica Fatima Muhi\u0107, a najstarija nana \u0160aha Izmirli\u0107, ro\u0111ena 1901. godine.<\/p>\n<\/div>\n","protected":false},"excerpt":{"rendered":"<p>Nura Begovi\u0107, jedna je od srebreni\u010dkih \u017eena koje su u julu 1995. godine, ostale bez o\u010deva, bra\u0107e, mu\u017eeva&#8230; Na kolektivnoj d\u017eenazi 11. jula ove godine u mezarju Memorijalnog centra Srebrenica &#8211; Poto\u010dari ukopat \u0107e posmrtne ostatke jedinog brata Adila Sulji\u0107a. U trenutku smrti imao je samo 43 godine. Iza njega je ostala supruga i dvoje [&hellip;]<\/p>\n","protected":false},"author":59,"featured_media":11584,"comment_status":"open","ping_status":"closed","sticky":false,"template":"","format":"standard","meta":{"inline_featured_image":false,"footnotes":""},"categories":[38],"tags":[],"class_list":{"0":"post-11579","1":"post","2":"type-post","3":"status-publish","4":"format-standard","5":"has-post-thumbnail","7":"category-vijesti-iz-bih"},"acf":[],"_links":{"self":[{"href":"https:\/\/tvsensor.com\/api\/wp\/v2\/posts\/11579","targetHints":{"allow":["GET"]}}],"collection":[{"href":"https:\/\/tvsensor.com\/api\/wp\/v2\/posts"}],"about":[{"href":"https:\/\/tvsensor.com\/api\/wp\/v2\/types\/post"}],"author":[{"embeddable":true,"href":"https:\/\/tvsensor.com\/api\/wp\/v2\/users\/59"}],"replies":[{"embeddable":true,"href":"https:\/\/tvsensor.com\/api\/wp\/v2\/comments?post=11579"}],"version-history":[{"count":1,"href":"https:\/\/tvsensor.com\/api\/wp\/v2\/posts\/11579\/revisions"}],"predecessor-version":[{"id":11585,"href":"https:\/\/tvsensor.com\/api\/wp\/v2\/posts\/11579\/revisions\/11585"}],"wp:featuredmedia":[{"embeddable":true,"href":"https:\/\/tvsensor.com\/api\/wp\/v2\/media\/11584"}],"wp:attachment":[{"href":"https:\/\/tvsensor.com\/api\/wp\/v2\/media?parent=11579"}],"wp:term":[{"taxonomy":"category","embeddable":true,"href":"https:\/\/tvsensor.com\/api\/wp\/v2\/categories?post=11579"},{"taxonomy":"post_tag","embeddable":true,"href":"https:\/\/tvsensor.com\/api\/wp\/v2\/tags?post=11579"}],"curies":[{"name":"wp","href":"https:\/\/api.w.org\/{rel}","templated":true}]}}