{"id":11570,"date":"2019-07-09T07:29:49","date_gmt":"2019-07-09T07:29:49","guid":{"rendered":"https:\/\/senzor.ba\/?p=11570"},"modified":"2024-01-15T21:46:27","modified_gmt":"2024-01-15T20:46:27","slug":"posmrtni-ostaci-33-zrtve-genocida-danas-ce-biti-prevezeni-u-potocare","status":"publish","type":"post","link":"https:\/\/tvsensor.com\/clanak\/posmrtni-ostaci-33-zrtve-genocida-danas-ce-biti-prevezeni-u-potocare\/","title":{"rendered":"Posmrtni ostaci 33 \u017ertve genocida danas \u0107e biti prevezeni u Poto\u010dare"},"content":{"rendered":"<div class=\"single-intro\">\n<p>Posmrtni ostaci 33 \u017ertve ubijene tokom genocida u julu 1995. godine na podru\u010dju Srebrenice, danas \u0107e iz JKP &#8220;Gradska groblja&#8221; Visoko biti prevezeni u Memorijalni centar Poto\u010dari, gdje \u0107e biti ukopani na zajedni\u010dkoj d\u017eenazi 11. jula.<\/p>\n<\/div>\n<div class=\"single-text\">\n<p>U 10.00 sati iz Visokog kre\u0107e kolona sa tabutima, a na putu do Poto\u010dara planirano je kra\u0107e zaustavljanje u Ilija\u0161u i \u00a0Vogo\u0161\u0107i, a potom oko 12.00 sati i dolazak ispred zgrade Predsjedni\u0161tva BiH u Sarajevu.<\/p>\n<p>Kolona \u0107e se kratko zaustaviti i ispred Spomenika ubijenoj djeci Sarajeva, na Markalama i onda \u0107e preko Ba\u0161\u010dar\u0161ije krenuti put Poto\u010dara, gdje bi trebala sti\u0107i u poslijepodnevnim satima.<\/p>\n<p>Svake godine veliki broj gra\u0111ana u mjestima kroz koja prolazi isprati kolonu s tabutima i odaju po\u010dast ubijenim \u017ertvama.<\/p>\n<p>Najmla\u0111a \u017ertva koja \u0107e biti ukopana u Poto\u010darima ove godine je Osman Cvrk ro\u0111en 1979. godine. U vrijeme kada je ubijen bio je maloljetan, imao je svega 16 godina.<\/p>\n<p>Najstarija \u017ertva je \u0160aha Cvrk. Ona je imala 82 godine kada je ubijena i ujedno je i jedina \u017eena koja \u0107e u Poto\u010darima biti ukopana ove godine.<\/p>\n<p>\u017drtve koje \u0107e 11. jula ove godine biti ukopane u Memorijalnom centru u Poto\u010darima su:<\/p>\n<p>1.\u00a0\u00a0\u00a0 Bekti\u0107 (Red\u017eo) Mevlid, ro\u0111en 1962. godine<\/p>\n<p>2.\u00a0\u00a0\u00a0 Bajraktarevi\u0107 (Osman) Ned\u017ead, ro\u0111en 1975. godine<\/p>\n<p>3.\u00a0\u00a0\u00a0 Salki\u0107 (Alija) Bajro, ro\u0111en 1957. godine<\/p>\n<p>4.\u00a0\u00a0\u00a0 Husi\u0107 (Husein) Muradif, ro\u0111en 1949. godine<\/p>\n<p>5.\u00a0\u00a0\u00a0 Purkovi\u0107 (Ahmet) \u0160emso, ro\u0111en 1952. godine<\/p>\n<p>6.\u00a0\u00a0\u00a0 Isakovi\u0107(Muhizin) Kasim, ro\u0111en 1973. godine<\/p>\n<p>7.\u00a0\u00a0\u00a0 Isakovi\u0107 (Muhizin) Asim, ro\u0111en 1975 godine<\/p>\n<p>8.\u00a0\u00a0\u00a0 Avdi\u0107 (Hasan) \u0160emso, ro\u0111en 1964. godine<\/p>\n<p>9.\u00a0\u00a0\u00a0 Sulji\u0107 (Nazif) Adil, ro\u0111en 1952. godine<\/p>\n<p>10. Cvrk (Osman) Re\u0161id, ro\u0111en 1940. godine<\/p>\n<p>11. Cvrk (Arif) \u0160aha, ro\u0111ena 1913. godine<\/p>\n<p>12. Gabelji\u0107 (Jusuf) Fadil, ro\u0111en 1974. godine<\/p>\n<p>13. Memi\u0107 (Hasan) Sidik, ro\u0111en 1960. godine<\/p>\n<p>14. Tihi\u0107 (\u0160ukrija) Vekaz, ro\u0111en 1975. godine<\/p>\n<p>15. Tahi\u0107 (Hamed) Enver, ro\u0111en 1976. godine<\/p>\n<p>16. Meholji\u0107 (Hakija) Husejn ro\u0111en 1929. godine<\/p>\n<p>17. Salki\u0107 (Fadil) Sabahudin, ro\u0111en 1972. godine<\/p>\n<p>18. Mehmedovi\u0107 (D\u017eemail) Mali, \u00a0ro\u0111en 1959. godine<\/p>\n<p>19. Sulji\u0107 (Salko) Sabit, ro\u0111en 1974. godine<\/p>\n<p>20. Mehmedovi\u0107 (Suljo) Ismet, ro\u0111en 1937. godine<\/p>\n<p>21. Hirki\u0107 (Bajro) Behadil, ro\u0111en 1973. godine<\/p>\n<p>22. Nuki\u0107 (Haso) Esad, ro\u0111en 1977. godine<\/p>\n<p>23. Ja\u0161arevi\u0107 (Halid) Ahmet, ro\u0111en 1950. godine<\/p>\n<p>24. Muji\u0107 (Ramo) Zijo, ro\u0111en 1968. godine<\/p>\n<p>25. Muji\u0107 (Ramo) Fahrudin, ro\u0111en 1970. godine<\/p>\n<p>26. Tabakovi\u0107 (Zajko) Hajro, ro\u0111en 1938. godine<\/p>\n<p>27. Ahmi\u0107 (Ismet) Omer, ro\u0111en 1973. godine<\/p>\n<p>28. Cvrk (Behaija) Osman, ro\u0111en 1979. godine<\/p>\n<p>29. Pilav (Rasim) Zaim, ro\u0111en 1946. godine<\/p>\n<p>30. Pilav (Zaim) Fuad, ro\u0111en 1976. godine<\/p>\n<p>31. \u0160aranovi\u0107 (\u0160evkija) Sadik, ro\u0111en 1969. godine<\/p>\n<p>32. Tabakovi\u0107 (Nurija) Smail, ro\u0111en 1964. godine<\/p>\n<p>33. Tihi\u0107 (Mustafa) Hamed, ro\u0111en 1928. godine<\/p>\n<p>U mezarju Memorijalnog centra Srebrenica &#8211; Poto\u010dari do sada je smiraj prona\u0161lo 6.610 \u017ertava genocida, a traga se za jo\u0161 vi\u0161e od 1.000 nestalih Srebreni\u010dana.<\/p>\n<\/div>\n","protected":false},"excerpt":{"rendered":"<p>Posmrtni ostaci 33 \u017ertve ubijene tokom genocida u julu 1995. godine na podru\u010dju Srebrenice, danas \u0107e iz JKP &#8220;Gradska groblja&#8221; Visoko biti prevezeni u Memorijalni centar Poto\u010dari, gdje \u0107e biti ukopani na zajedni\u010dkoj d\u017eenazi 11. jula. U 10.00 sati iz Visokog kre\u0107e kolona sa tabutima, a na putu do Poto\u010dara planirano je kra\u0107e zaustavljanje u [&hellip;]<\/p>\n","protected":false},"author":59,"featured_media":11571,"comment_status":"open","ping_status":"closed","sticky":false,"template":"","format":"standard","meta":{"inline_featured_image":false,"footnotes":""},"categories":[38],"tags":[],"class_list":{"0":"post-11570","1":"post","2":"type-post","3":"status-publish","4":"format-standard","5":"has-post-thumbnail","7":"category-vijesti-iz-bih"},"acf":[],"_links":{"self":[{"href":"https:\/\/tvsensor.com\/api\/wp\/v2\/posts\/11570","targetHints":{"allow":["GET"]}}],"collection":[{"href":"https:\/\/tvsensor.com\/api\/wp\/v2\/posts"}],"about":[{"href":"https:\/\/tvsensor.com\/api\/wp\/v2\/types\/post"}],"author":[{"embeddable":true,"href":"https:\/\/tvsensor.com\/api\/wp\/v2\/users\/59"}],"replies":[{"embeddable":true,"href":"https:\/\/tvsensor.com\/api\/wp\/v2\/comments?post=11570"}],"version-history":[{"count":1,"href":"https:\/\/tvsensor.com\/api\/wp\/v2\/posts\/11570\/revisions"}],"predecessor-version":[{"id":11573,"href":"https:\/\/tvsensor.com\/api\/wp\/v2\/posts\/11570\/revisions\/11573"}],"wp:featuredmedia":[{"embeddable":true,"href":"https:\/\/tvsensor.com\/api\/wp\/v2\/media\/11571"}],"wp:attachment":[{"href":"https:\/\/tvsensor.com\/api\/wp\/v2\/media?parent=11570"}],"wp:term":[{"taxonomy":"category","embeddable":true,"href":"https:\/\/tvsensor.com\/api\/wp\/v2\/categories?post=11570"},{"taxonomy":"post_tag","embeddable":true,"href":"https:\/\/tvsensor.com\/api\/wp\/v2\/tags?post=11570"}],"curies":[{"name":"wp","href":"https:\/\/api.w.org\/{rel}","templated":true}]}}