{"id":11567,"date":"2019-07-09T07:29:43","date_gmt":"2019-07-09T07:29:43","guid":{"rendered":"https:\/\/senzor.ba\/?p=11567"},"modified":"2024-01-15T21:46:28","modified_gmt":"2024-01-15T20:46:28","slug":"predstavljena-knjiga-historija-grijeha-i-nasilja-autora-ibrahima-kajana","status":"publish","type":"post","link":"https:\/\/tvsensor.com\/clanak\/predstavljena-knjiga-historija-grijeha-i-nasilja-autora-ibrahima-kajana\/","title":{"rendered":"Predstavljena knjiga &#8216;Historija grijeha i nasilja&#8217; autora Ibrahima Kajana"},"content":{"rendered":"<p>\u201eHistorija grijeha i nasilja\u201c nova je knjiga uva\u017eenog knji\u017eevnika Ibrahima Kajana, koja je u ponedjeljak nave\u010der predstavljena u Centru za kulturu Mostar, u okviru manifestacije \u201eMostarsko ljeta 2019.\u201c<\/p>\n<p>U ovoj knjizi autor je tretirao malo poznate fragmente bosanskohercegova\u010dke pro\u0161losti, a \u010ditaocima \u0107e, kako je istaknuto, bez sumnje, biti zanimljivi osvrti na slu\u010dajeve prekrajanja historijskih tokova i razobli\u010davanja istine o njima. U knjizi je rije\u010d o identitetima, svojatanjima i odricanjima.<\/p>\n<p>\u201eUvijek je zna\u010dajno kada se \u010dovjek iz jedne sredine obra\u0107a toj istoj sredini. Ljudi vas poznaju, dijelom iz privatnog \u017eivota, dijelom iz na\u010dina kako radite i kako razmi\u0161ljate, i onda mogu da prate i uspore\u0111uju ono \u0161to ste napisali. To ima puno zamki, ali i velike radosti, ukoliko ste uspjeli u svom naumu. Ja se nadam da sam uspio u bitnom, a to je tema knjige. Prije svega o revizionizmu u historiji i na\u010dinima kako se zaobilaze istine. Naravno da nacionalne historije u svojoj dubokoj pro\u0161losti po\u010divaju na mitovima, legendama pa i bajkama. Ali, kada vi danas, u ovom stolje\u0107u, govorite o historiji onda govorite o nau\u010dnoj elaboraciji historije\u201c, kazao je profesor Kajan.<\/p>\n<p>Knjigu su, uz autora, promovisali recenzenti: prof. dr. D\u017eevad Drino, mr. sc. Alen Ze\u010devi\u0107, Sanadin Voloder, publicist i mr. Ibro Rahimi\u0107, izdava\u010d.<\/p>\n<p>\u201eIbrahim Kajan ispisuje biografiju podneblja u kojem se dodiruju njegova dva lica: lice civilizacije i barbarstva, u \u010dijoj je hiljadugodi\u0161njoj historijskoj ravni bilo mogu\u0107e 1463. godine obznaniti akt, Ahdnamu, kao primjer me\u0111ureligijske tolerancije kakav evropski svijet do tada nije upamtio, ali i osvjedo\u010diti se o strahote i u\u017ease vandalskog divljanja vojske princa Eugena Savojskog po Bosni 1697. godine\u201c- naveo je jedan od recenzenata knjige Alen Ze\u010devi\u0107.<\/p>\n<p>Publicista Senadin Voloder ocijenio je kako je ova knjiga dostojan borac na dva paralelna i zahtjevna fronta.<\/p>\n<p>&#8220;Prvi front je unutarbo\u0161nja\u010dko bu\u0111enje i upoznavanje sa vlastitim identitetom, a drugi front je ispravljanje krivo utemeljenih shvatanja i stavova o na\u0161oj historiji i kulturi kojeg su nam nametnule na\u0161e kom\u0161ije, susjedi i pojedinci iz na\u0161ih redova \u201eizgubljeni\u201c u prostoru i vremenu\u201c \u2013 kazao je Voloder.<\/p>\n","protected":false},"excerpt":{"rendered":"<p>\u201eHistorija grijeha i nasilja\u201c nova je knjiga uva\u017eenog knji\u017eevnika Ibrahima Kajana, koja je u ponedjeljak nave\u010der predstavljena u Centru za kulturu Mostar, u okviru manifestacije \u201eMostarsko ljeta 2019.\u201c U ovoj knjizi autor je tretirao malo poznate fragmente bosanskohercegova\u010dke pro\u0161losti, a \u010ditaocima \u0107e, kako je istaknuto, bez sumnje, biti zanimljivi osvrti na slu\u010dajeve prekrajanja historijskih tokova [&hellip;]<\/p>\n","protected":false},"author":59,"featured_media":11569,"comment_status":"open","ping_status":"closed","sticky":false,"template":"","format":"standard","meta":{"inline_featured_image":false,"footnotes":""},"categories":[49],"tags":[],"class_list":{"0":"post-11567","1":"post","2":"type-post","3":"status-publish","4":"format-standard","5":"has-post-thumbnail","7":"category-knjizevni-kutak"},"acf":[],"_links":{"self":[{"href":"https:\/\/tvsensor.com\/api\/wp\/v2\/posts\/11567","targetHints":{"allow":["GET"]}}],"collection":[{"href":"https:\/\/tvsensor.com\/api\/wp\/v2\/posts"}],"about":[{"href":"https:\/\/tvsensor.com\/api\/wp\/v2\/types\/post"}],"author":[{"embeddable":true,"href":"https:\/\/tvsensor.com\/api\/wp\/v2\/users\/59"}],"replies":[{"embeddable":true,"href":"https:\/\/tvsensor.com\/api\/wp\/v2\/comments?post=11567"}],"version-history":[{"count":1,"href":"https:\/\/tvsensor.com\/api\/wp\/v2\/posts\/11567\/revisions"}],"predecessor-version":[{"id":11572,"href":"https:\/\/tvsensor.com\/api\/wp\/v2\/posts\/11567\/revisions\/11572"}],"wp:featuredmedia":[{"embeddable":true,"href":"https:\/\/tvsensor.com\/api\/wp\/v2\/media\/11569"}],"wp:attachment":[{"href":"https:\/\/tvsensor.com\/api\/wp\/v2\/media?parent=11567"}],"wp:term":[{"taxonomy":"category","embeddable":true,"href":"https:\/\/tvsensor.com\/api\/wp\/v2\/categories?post=11567"},{"taxonomy":"post_tag","embeddable":true,"href":"https:\/\/tvsensor.com\/api\/wp\/v2\/tags?post=11567"}],"curies":[{"name":"wp","href":"https:\/\/api.w.org\/{rel}","templated":true}]}}