{"id":11563,"date":"2019-07-09T07:27:34","date_gmt":"2019-07-09T07:27:34","guid":{"rendered":"https:\/\/senzor.ba\/?p=11563"},"modified":"2024-01-15T21:46:28","modified_gmt":"2024-01-15T20:46:28","slug":"ne-osjeca-vise-istu-pripadnost-klubu-dzeko-zeli-sto-prije-otici-iz-rome","status":"publish","type":"post","link":"https:\/\/tvsensor.com\/clanak\/ne-osjeca-vise-istu-pripadnost-klubu-dzeko-zeli-sto-prije-otici-iz-rome\/","title":{"rendered":"Ne osje\u0107a vi\u0161e istu pripadnost klubu: D\u017eeko \u017eeli \u0161to prije oti\u0107i iz Rome"},"content":{"rendered":"<p>Edin D\u017eeko, bh. reprezentativac i fudbaler Rome, ju\u010der je odradio medicinske preglede i prvi trening sa svojim timom.<\/p>\n<p>Ipak, prema pisanju Sky Sportsa, Edin D\u017eeko je bio bez emocija i distanciran na treningu Rome koji je odr\u017ean ju\u010der.<\/p>\n<p>D\u017eeko i N'Zonzi nisu \u017eeljeli pozirati sa navija\u010dima pred po\u010detak treninga sa Giallorossima i \u017eele napustiti klub.<\/p>\n<p>Dijamant vi\u0161e ne osje\u0107a pripadnost klubu i ne \u017eeli bio dio ekipe koju sa klupe predvodi Paulo Fonseca.<\/p>\n<p>U Interu se nadaju da \u0107e uskoro uspjeti posti\u0107i kona\u010dan dogovor sa ekipom Rome i da \u0107e D\u017eeko potpisati ugovor sa njima.<\/p>\n","protected":false},"excerpt":{"rendered":"<p>Edin D\u017eeko, bh. reprezentativac i fudbaler Rome, ju\u010der je odradio medicinske preglede i prvi trening sa svojim timom. Ipak, prema pisanju Sky Sportsa, Edin D\u017eeko je bio bez emocija i distanciran na treningu Rome koji je odr\u017ean ju\u010der. D\u017eeko i N'Zonzi nisu \u017eeljeli pozirati sa navija\u010dima pred po\u010detak treninga sa Giallorossima i \u017eele napustiti klub. [&hellip;]<\/p>\n","protected":false},"author":59,"featured_media":11566,"comment_status":"open","ping_status":"closed","sticky":false,"template":"","format":"standard","meta":{"inline_featured_image":false,"footnotes":""},"categories":[62],"tags":[],"class_list":{"0":"post-11563","1":"post","2":"type-post","3":"status-publish","4":"format-standard","5":"has-post-thumbnail","7":"category-nogomet"},"acf":[],"_links":{"self":[{"href":"https:\/\/tvsensor.com\/api\/wp\/v2\/posts\/11563","targetHints":{"allow":["GET"]}}],"collection":[{"href":"https:\/\/tvsensor.com\/api\/wp\/v2\/posts"}],"about":[{"href":"https:\/\/tvsensor.com\/api\/wp\/v2\/types\/post"}],"author":[{"embeddable":true,"href":"https:\/\/tvsensor.com\/api\/wp\/v2\/users\/59"}],"replies":[{"embeddable":true,"href":"https:\/\/tvsensor.com\/api\/wp\/v2\/comments?post=11563"}],"version-history":[{"count":1,"href":"https:\/\/tvsensor.com\/api\/wp\/v2\/posts\/11563\/revisions"}],"predecessor-version":[{"id":11568,"href":"https:\/\/tvsensor.com\/api\/wp\/v2\/posts\/11563\/revisions\/11568"}],"wp:featuredmedia":[{"embeddable":true,"href":"https:\/\/tvsensor.com\/api\/wp\/v2\/media\/11566"}],"wp:attachment":[{"href":"https:\/\/tvsensor.com\/api\/wp\/v2\/media?parent=11563"}],"wp:term":[{"taxonomy":"category","embeddable":true,"href":"https:\/\/tvsensor.com\/api\/wp\/v2\/categories?post=11563"},{"taxonomy":"post_tag","embeddable":true,"href":"https:\/\/tvsensor.com\/api\/wp\/v2\/tags?post=11563"}],"curies":[{"name":"wp","href":"https:\/\/api.w.org\/{rel}","templated":true}]}}