{"id":11557,"date":"2019-07-09T07:21:22","date_gmt":"2019-07-09T07:21:22","guid":{"rendered":"https:\/\/senzor.ba\/?p=11557"},"modified":"2024-01-15T21:46:28","modified_gmt":"2024-01-15T20:46:28","slug":"politicari-se-za-srebrenicu-bore-pred-kamerama-u-julu","status":"publish","type":"post","link":"https:\/\/tvsensor.com\/clanak\/politicari-se-za-srebrenicu-bore-pred-kamerama-u-julu\/","title":{"rendered":"Politi\u010dari se za Srebrenicu bore pred kamerama u julu"},"content":{"rendered":"<p>\u201eRo\u0111en sam u gradu koji je postao sinonim za stradanje jednog naroda, sinonim za tu te\u0161ku rije\u010d koja se zove\u00a0&#8211; genocid.\u201c<\/p>\n<p>Ovako svoju \u017eivotnu pri\u010du zapo\u010dinje Damir Hrusti\u0107,\u00a0<strong>Srebreni\u010danin<\/strong>\u00a0koji je pre\u017eivio golgotu ovog bosanskohercegova\u010dkog grada u julu 1995. godine i koji gorko govori kako je samo u ovom mjesecu i samo za vrijeme izbora Srebrenica tema politi\u010dara, premda je u izbornom slu\u010daju sve manje.<\/p>\n<p>\u201eU julu 1995. godine sam, zbog brutalnog napada zlo\u010dinaca koji su ubijali sve \u0161to nije srpsko, morao napustiti svoj grad. Bo\u017ejom voljom sam ostavljen da \u017eivim. U genocidu koji se desio te godine sam izgubio oca, amid\u017eu, amid\u017ei\u0107e i mnogobrojnu rodbinu\u201c, nastavlja.<\/p>\n<p>Hrusti\u0107 se uspio spasiti kao 15-godi\u0161njak. Bio je smje\u0161ten u jednom gradu blizu Tuzle, gdje je zavr\u0161io srednju \u0161kolu i fakultet.<\/p>\n<p>\u201eTe\u0161ko je bilo dobiti posao, pa sam neko vrijeme bio i u inostranstvu. Tu\u0111i svijet nije moj svijet&#8230; Pa sam nakon kratkog razmi\u0161ljanja odlu\u010dio sa se vratim u Bosnu.\u201c<\/p>\n<p>Stigao je bio do Finske, ali se odlu\u010dio za povratak u Srebrenicu. O\u017eenio se, obnovio razru\u0161enu ku\u0107u\u2026<\/p>\n<p>\u201eU to vrijeme nisam mogao zamisliti negdje drugo svoj \u017eivot osim u Srebrenici. Ne\u0161to u meni je govorilo da se moram vratiti tamo gdje su ostali moj babo, moji \u0161kolski drugovi&#8230; To mi je davalo snagu. \u017delio sam dokazati sebi da je, nakon svega \u0161to se desilo, mogu\u0107e nastaviti \u017eivot u gradu koji je toliko patnje i boli do\u017eivio.\u201c<\/p>\n<h4>Otrcana fraza<\/h4>\n<p>Za Hrusti\u0107a je \u017eivot u Srebrenici po\u010deo dobijati svoj smisao na samom po\u010detku povratka, \u201etada je bilo volje i entuzijazma za povratkom\u201c, isti\u010de na\u0161 sagovornik.<\/p>\n<p>No, govori kako je trenutna situacija se sasvim druga\u010dija.<\/p>\n<p>\u201eMe\u0111utim, danas je \u017eivot u Srebrenici sasvim druga\u010diji. Kao \u0161to znate, ve\u0107ina povratnika je napustila grad ili okolna sela, neki su umrli. Ono \u0161to je ostalo povratnika Bo\u0161njaka \u017eive uglavnom od poljoprivrede, sto\u010darstva, neki broj povratnika je i zaposlen.\u201c<\/p>\n<p>Ukazuje na problem koji du\u017ee vrijeme mu\u010di povratnike\u2026<\/p>\n<p>\u201eProblemi Bo\u0161njaka povratnika su vezani za kr\u0161enje njihovih prava \u0161to se ti\u010de obrazovanja djece u osnovnoj \u0161koli, jer zbog licemjerstva na\u0161ih funkcionera i sada\u0161nje vlasti na \u010delu Op\u0161tine bo\u0161nja\u010dka djeca nemaju pravo da u\u010de svoj jezik.\u201c<\/p>\n<p>Pitali smo ga kako komentira odnos politike iz Sarajeva prema Srebrenici, politi\u010dara koji ovo mjesto stradanja \u010desto spominju u svojim javnim istupima.<\/p>\n<p>\u201e'Treba pomo\u0107i Srebrenici&#8217;, to je ve\u0107 postala otrcana fraza kod ve\u0107ine na\u0161ih politi\u010dara. Uglavnom se za Srebrenicu &#8216;bore&#8217; ispred kamera i to samo u julu mjesecu. Srebrenica vi\u0161e nikom, mislim na politi\u010dare, nije va\u017ena osim nama koji \u017eivimo ovdje.\u201c<\/p>\n<h4>Nema glasova, nema va\u017enosti<\/h4>\n<p>Kako situaciju popraviti, \u0161ta se treba mijenjati?<\/p>\n<p>\u201eNa \u017ealost, malo nas je da bi mogli ne\u0161to promijeniti. Danas se politi\u010dari bore za masu koja im mo\u017ee obezbijediti glasove, Srebrenica to nema i zato im nije vi\u0161e va\u017ena. Sve manje se pominje i rije\u010d genocid\u201c, ogor\u010deno ka\u017ee Hrusti\u0107.<\/p>\n<p>Kao i proteklih godina, kako se bli\u017ei 11. juli, Srebrenica polako dolazi u \u017ei\u017eu javnosti ali na\u0161 sagovornik navodi kako je od jula do jula sve manji interes ljudi.<\/p>\n<p>\u201eMi\u0161ljenja sam da Srebrenica ne postoji uop\u0161te u glavama na\u0161ih politi\u010dara i lidera osim u mjesecu julu. Tada se svi uglavnom sjete Srebrenice i nakon toga tajac. Ranijih godina Srebrenica o\u017eivi bar u mjesecu julu&#8230; Dolazilo je ljudi iz ostalih dijelova BiH, iz dijaspore. Grad je bio pun naroda. Ali kako godine prolaze tog naroda i posjeta je sve manje.\u201c<\/p>\n<p>Navodi kako se \u201ena\u0161i lideri bore isklju\u010divo za svoje interese, a za stanje i \u017eivot povratnika ne obra\u0107aju pa\u017enju, osim ponekad da osude neko djelo ili radnju druge strane. Bitno je da samo oni imaju dobre plate.\u201c<\/p>\n<p>Ipak, isti\u010de kako je po prirodi optimista.<\/p>\n<p>\u201eTako da i dalje mislim da u Srebrenici ima \u017eivota za Bo\u0161njake povratnike, samo nam fali jedinstva i me\u0111usobne brige izme\u0111u nas. Jedna od rijetkih pozitivnih stvari u Srebrenici u dana\u0161nje vrijeme je da imamo zavidan broj djece u osnovnoj \u0161koli (oko 75% bo\u0161nja\u010dke djece je u O\u0160).\u201c<\/p>\n<h4>Nastavak borbe za prava<\/h4>\n<p>Ali za tu djecu nema ko da se bori osim njihovih roditelja, dodaje.<\/p>\n<p>\u201eDjeca su diskriminisana po pitanju jezika, samog odnosa pojedinih prosvjetnih radnika prema u\u010denicima, samog ambijenta \u0161kole koju poha\u0111aju\u2026 Na\u0161i predstavnici ni\u0161ta ne preduzimaju po pitanju toga. Vjerujte da nisam iznena\u0111en jer je njima va\u017eniji li\u010dni interes nego op\u0161ti\u201c, kategori\u010dno ka\u017ee Hrusti\u0107.<\/p>\n<p>Ono \u0161to daje nadu da \u0107e ovo mjesto stradanja opstati i da \u0107e \u017eivot prevladati mrak je \u010dinjenica da ima mladih bra\u010dnih parova koji se bore.<\/p>\n<p>\u201eI pored velikog\u00a0broja problema u kojima se nalaze Bo\u0161njaci povratnici, Srebrenica \u0107e da nastavi \u017eivjeti zahvaljuju\u0107i mladim ljudima koji su se vratili i zasnovali svoje porodice. Srebrenici tako malo treba da bi postala dostojan ambijent za \u017eivot&#8230; Na\u0161i politi\u010dari trebaju prestati pri\u010dati prazne rije\u010di, obe\u0107avati kule i gradove. Srebrenici trebaju djela.\u201c<\/p>\n<p>\u201eNeki ka\u017eu nemamo pekare, mesnice?! Ne sla\u017eem se da je to neki veliki nedostatak. Vi\u0161e su nam potrebni neiskvareni i iskreni lideri koji \u0107e se istinski boriti za prava povratnika, kojih je iz dana u dan sve manje i manje\u201c, navodi sagovornik Al Jazeere i poru\u010duje:<\/p>\n<p>\u201eNastavit \u0107emo borbu za na\u0161a prava, za prava na\u0161e djece, bez obzira da li \u0107emo imati podr\u0161ku ili ne od na\u0161ih predstavnika.\u201c<\/p>\n<p><em>Izvor: Al Jazeera<\/em><\/p>\n","protected":false},"excerpt":{"rendered":"<p>\u201eRo\u0111en sam u gradu koji je postao sinonim za stradanje jednog naroda, sinonim za tu te\u0161ku rije\u010d koja se zove\u00a0&#8211; genocid.\u201c Ovako svoju \u017eivotnu pri\u010du zapo\u010dinje Damir Hrusti\u0107,\u00a0Srebreni\u010danin\u00a0koji je pre\u017eivio golgotu ovog bosanskohercegova\u010dkog grada u julu 1995. godine i koji gorko govori kako je samo u ovom mjesecu i samo za vrijeme izbora Srebrenica tema [&hellip;]<\/p>\n","protected":false},"author":59,"featured_media":11560,"comment_status":"open","ping_status":"closed","sticky":false,"template":"","format":"standard","meta":{"inline_featured_image":false,"footnotes":""},"categories":[67],"tags":[],"class_list":{"0":"post-11557","1":"post","2":"type-post","3":"status-publish","4":"format-standard","5":"has-post-thumbnail","7":"category-blog"},"acf":[],"_links":{"self":[{"href":"https:\/\/tvsensor.com\/api\/wp\/v2\/posts\/11557","targetHints":{"allow":["GET"]}}],"collection":[{"href":"https:\/\/tvsensor.com\/api\/wp\/v2\/posts"}],"about":[{"href":"https:\/\/tvsensor.com\/api\/wp\/v2\/types\/post"}],"author":[{"embeddable":true,"href":"https:\/\/tvsensor.com\/api\/wp\/v2\/users\/59"}],"replies":[{"embeddable":true,"href":"https:\/\/tvsensor.com\/api\/wp\/v2\/comments?post=11557"}],"version-history":[{"count":1,"href":"https:\/\/tvsensor.com\/api\/wp\/v2\/posts\/11557\/revisions"}],"predecessor-version":[{"id":11561,"href":"https:\/\/tvsensor.com\/api\/wp\/v2\/posts\/11557\/revisions\/11561"}],"wp:featuredmedia":[{"embeddable":true,"href":"https:\/\/tvsensor.com\/api\/wp\/v2\/media\/11560"}],"wp:attachment":[{"href":"https:\/\/tvsensor.com\/api\/wp\/v2\/media?parent=11557"}],"wp:term":[{"taxonomy":"category","embeddable":true,"href":"https:\/\/tvsensor.com\/api\/wp\/v2\/categories?post=11557"},{"taxonomy":"post_tag","embeddable":true,"href":"https:\/\/tvsensor.com\/api\/wp\/v2\/tags?post=11557"}],"curies":[{"name":"wp","href":"https:\/\/api.w.org\/{rel}","templated":true}]}}