{"id":11556,"date":"2019-07-09T07:19:00","date_gmt":"2019-07-09T07:19:00","guid":{"rendered":"https:\/\/senzor.ba\/?p=11556"},"modified":"2024-01-15T21:46:28","modified_gmt":"2024-01-15T20:46:28","slug":"mediji-erdogan-trazi-gulenove-pristalice-dodik-obecao-da-ce-ih-isporuciti","status":"publish","type":"post","link":"https:\/\/tvsensor.com\/clanak\/mediji-erdogan-trazi-gulenove-pristalice-dodik-obecao-da-ce-ih-isporuciti\/","title":{"rendered":"Mediji: Erdogan tra\u017ei Gulenove pristalice, Dodik obe\u0107ao da \u0107e ih isporu\u010diti"},"content":{"rendered":"<p>Tokom sastanka sa \u010dlanovima Predsjedni\u0161tva Bosne i Hercegovine, turski predsjednik Recep Tayyip Erdogan tra\u017eio je od vlasti te zemlje da isporu\u010de sve turske dr\u017eavljane koje Ankara tra\u017ei zbog optu\u017ebi da su povezani sa pokretom koji navodno stoji iza neuspjelog pu\u010da 2016, a \u010diji je osniva\u010d imam Fetullah Gulen, koji \u017eivi u samonametnutom egzilu u SAD, prenosi sarajevski portal\u00a0<em>\u017durnal<\/em>.<\/p>\n<p>&#8220;Li\u010dno \u0107u se potruditi da rije\u0161imo taj problem&#8221;, obe\u0107ao je predsjedavaju\u0107i Predsjedni\u0161tva BiH Milorad Dodik, dok je bo\u0161nja\u010dki \u010dlan Predsjedni\u0161tva BiH \u0160efik D\u017eaferovi\u0107 rekao da &#8220;BiH ne\u0107e dopustiti da odnosi sa Turskom budu ugro\u017eeni, te da \u0107e se sve rije\u0161iti u skladu sa turskim i bh. zakonskim propisima&#8221;.<\/p>\n<p>Me\u0111utim, Erdogan nije bio zadovoljan jer je, kako tvrdi portal, sli\u010dna obe\u0107anja dobio i tokom nedavnog susreta sa D\u017eaferovi\u0107em i Dodikom, kada je od njih tra\u017eio da BiH isporu\u010di Turskoj osobe koje Erdoganova vlast dovodi u vezu sa pokretom koji navodno vodi Gulen, kojeg Ankara optu\u017euje da je organizator neuspjelog poku\u0161aja pu\u010da 2016.<\/p>\n<h4>Spisak osumnji\u010denih<\/h4>\n<p>\u017durnal je naveo da su turske vlasti pro\u0161log mjeseca dostavile vlastima BiH spisak turskih dr\u017eavljana koji \u017eive u BiH, a kojima su poni\u0161teni paso\u0161i.<\/p>\n<p>Na spisku su, kako tvrdi, uglavnom biznismeni koji posluju u BiH, me\u0111u kojima su i oni koji su u proteklom periodu bili anga\u017eirani na Burch univerzitetu u Sarajevu, kojeg Erdoganove vlasti smatraju dijelom Gulenove organizacije.<\/p>\n<p>U Ministarstvu sigurnosti BiH potvrdili su za\u00a0<em>\u017durnal<\/em>\u00a0da im je, za sada, dostavljen spisak na kojem se nalazi osam takozvanih &#8220;gulenista&#8221;, ali su naglasili da odluka o njihovoj eventualnoj deportaciji nije donijeta.<\/p>\n<p>U me\u0111uvremenu, dodaje portal, Erdogan je poja\u010dao pritisak i na predsjednika Stranke demokratske Akcije (SDA) Bakira Izetbegovi\u0107a od kojeg, kako tvrdi, tokom svakog susreta, tra\u017ei zatvaranje institucija u BiH za koje smatra da su bliske pokretu Fetullaha Gulena.<\/p>\n<p>Erdogan se u ponedjeljak sastao u zgradi Predsjedni\u0161tva BiH sa predsjedavaju\u0107im Miloradom Dodikom i \u010dlanovima \u0160afikom D\u017eaferovi\u0107em i \u017deljkom Kom\u0161i\u0107em, prenosi Tanjug.<\/p>\n<p>On je razgovarao i sa predsjedavaju\u0107im Doma naroda Parlamentarne skup\u0161tine BiH i predsjednikom Stranke demokratske akcije (SDA) Bakirom Izetbegovi\u0107em.<\/p>\n","protected":false},"excerpt":{"rendered":"<p>Tokom sastanka sa \u010dlanovima Predsjedni\u0161tva Bosne i Hercegovine, turski predsjednik Recep Tayyip Erdogan tra\u017eio je od vlasti te zemlje da isporu\u010de sve turske dr\u017eavljane koje Ankara tra\u017ei zbog optu\u017ebi da su povezani sa pokretom koji navodno stoji iza neuspjelog pu\u010da 2016, a \u010diji je osniva\u010d imam Fetullah Gulen, koji \u017eivi u samonametnutom egzilu u SAD, [&hellip;]<\/p>\n","protected":false},"author":59,"featured_media":11558,"comment_status":"open","ping_status":"closed","sticky":false,"template":"","format":"standard","meta":{"inline_featured_image":false,"footnotes":""},"categories":[234],"tags":[],"class_list":{"0":"post-11556","1":"post","2":"type-post","3":"status-publish","4":"format-standard","5":"has-post-thumbnail","7":"category-politika"},"acf":[],"_links":{"self":[{"href":"https:\/\/tvsensor.com\/api\/wp\/v2\/posts\/11556","targetHints":{"allow":["GET"]}}],"collection":[{"href":"https:\/\/tvsensor.com\/api\/wp\/v2\/posts"}],"about":[{"href":"https:\/\/tvsensor.com\/api\/wp\/v2\/types\/post"}],"author":[{"embeddable":true,"href":"https:\/\/tvsensor.com\/api\/wp\/v2\/users\/59"}],"replies":[{"embeddable":true,"href":"https:\/\/tvsensor.com\/api\/wp\/v2\/comments?post=11556"}],"version-history":[{"count":1,"href":"https:\/\/tvsensor.com\/api\/wp\/v2\/posts\/11556\/revisions"}],"predecessor-version":[{"id":11559,"href":"https:\/\/tvsensor.com\/api\/wp\/v2\/posts\/11556\/revisions\/11559"}],"wp:featuredmedia":[{"embeddable":true,"href":"https:\/\/tvsensor.com\/api\/wp\/v2\/media\/11558"}],"wp:attachment":[{"href":"https:\/\/tvsensor.com\/api\/wp\/v2\/media?parent=11556"}],"wp:term":[{"taxonomy":"category","embeddable":true,"href":"https:\/\/tvsensor.com\/api\/wp\/v2\/categories?post=11556"},{"taxonomy":"post_tag","embeddable":true,"href":"https:\/\/tvsensor.com\/api\/wp\/v2\/tags?post=11556"}],"curies":[{"name":"wp","href":"https:\/\/api.w.org\/{rel}","templated":true}]}}