{"id":11547,"date":"2019-07-08T09:44:25","date_gmt":"2019-07-08T09:44:25","guid":{"rendered":"https:\/\/senzor.ba\/?p=11547"},"modified":"2024-01-15T21:46:28","modified_gmt":"2024-01-15T20:46:28","slug":"vijest-koja-ce-obradovati-mnoge-u-bih-poznato-kada-se-nurkic-vraca-na-parket","status":"publish","type":"post","link":"https:\/\/tvsensor.com\/clanak\/vijest-koja-ce-obradovati-mnoge-u-bih-poznato-kada-se-nurkic-vraca-na-parket\/","title":{"rendered":"Vijest koja \u0107e obradovati mnoge u BiH: Poznato kada se Nurki\u0107 vra\u0107a na parket"},"content":{"rendered":"<p><b>Jusuf Nurki\u0107 bi se u februaru trebao vratiti na parket. Tu vijest je tokom vikenda najavio generalni menad\u017eer Portland Trail Blazersa Neil Olshey.<\/b><\/p>\n<p>Njegovu izjavu na Twitteru otkrio je jedan od korisnika potvrdiv\u0161i da bismo na\u0161eg NBA asa ponovo na parketu trebali gledati po\u010detkom februara.<\/p>\n<p>Podsjetimo, Nurki\u0107 je tokom NBA play-offa u martu pretrpio te\u017eak lom noge na utakmici svog Portlanda protiv Brooklyna, te se jo\u0161 oporavlja od te povrede.<\/p>\n","protected":false},"excerpt":{"rendered":"<p>Jusuf Nurki\u0107 bi se u februaru trebao vratiti na parket. Tu vijest je tokom vikenda najavio generalni menad\u017eer Portland Trail Blazersa Neil Olshey. Njegovu izjavu na Twitteru otkrio je jedan od korisnika potvrdiv\u0161i da bismo na\u0161eg NBA asa ponovo na parketu trebali gledati po\u010detkom februara. Podsjetimo, Nurki\u0107 je tokom NBA play-offa u martu pretrpio te\u017eak [&hellip;]<\/p>\n","protected":false},"author":59,"featured_media":11550,"comment_status":"open","ping_status":"closed","sticky":false,"template":"","format":"standard","meta":{"inline_featured_image":false,"footnotes":""},"categories":[63],"tags":[],"class_list":{"0":"post-11547","1":"post","2":"type-post","3":"status-publish","4":"format-standard","5":"has-post-thumbnail","7":"category-kosarka"},"acf":[],"_links":{"self":[{"href":"https:\/\/tvsensor.com\/api\/wp\/v2\/posts\/11547","targetHints":{"allow":["GET"]}}],"collection":[{"href":"https:\/\/tvsensor.com\/api\/wp\/v2\/posts"}],"about":[{"href":"https:\/\/tvsensor.com\/api\/wp\/v2\/types\/post"}],"author":[{"embeddable":true,"href":"https:\/\/tvsensor.com\/api\/wp\/v2\/users\/59"}],"replies":[{"embeddable":true,"href":"https:\/\/tvsensor.com\/api\/wp\/v2\/comments?post=11547"}],"version-history":[{"count":1,"href":"https:\/\/tvsensor.com\/api\/wp\/v2\/posts\/11547\/revisions"}],"predecessor-version":[{"id":11551,"href":"https:\/\/tvsensor.com\/api\/wp\/v2\/posts\/11547\/revisions\/11551"}],"wp:featuredmedia":[{"embeddable":true,"href":"https:\/\/tvsensor.com\/api\/wp\/v2\/media\/11550"}],"wp:attachment":[{"href":"https:\/\/tvsensor.com\/api\/wp\/v2\/media?parent=11547"}],"wp:term":[{"taxonomy":"category","embeddable":true,"href":"https:\/\/tvsensor.com\/api\/wp\/v2\/categories?post=11547"},{"taxonomy":"post_tag","embeddable":true,"href":"https:\/\/tvsensor.com\/api\/wp\/v2\/tags?post=11547"}],"curies":[{"name":"wp","href":"https:\/\/api.w.org\/{rel}","templated":true}]}}