{"id":11546,"date":"2019-07-08T09:42:23","date_gmt":"2019-07-08T09:42:23","guid":{"rendered":"https:\/\/senzor.ba\/?p=11546"},"modified":"2024-01-15T21:46:28","modified_gmt":"2024-01-15T20:46:28","slug":"proglasena-najboljom-studenticom-na-univerzitetu-u-turskoj-pa-poslala-dirljivu-poruku-svojoj-prvoj-nastavnici","status":"publish","type":"post","link":"https:\/\/tvsensor.com\/clanak\/proglasena-najboljom-studenticom-na-univerzitetu-u-turskoj-pa-poslala-dirljivu-poruku-svojoj-prvoj-nastavnici\/","title":{"rendered":"Progla\u0161ena najboljom studenticom na Univerzitetu u Turskoj, pa poslala dirljivu poruku svojoj prvoj nastavnici&#8230;"},"content":{"rendered":"<p>B\u0161\u0107anka Amina Majeti\u0107 postala je doktor medicine i progla\u0161ena je najboljim studentom Univerziteta u Turskoj \u0161to je velika \u010dast.<\/p>\n<p>Svoju radost podijelila je s najbli\u017eim, a posebno dirljivu poruku poslala je svojoj nastavnici Mejasi Dupanovi\u0107, ina\u010de dugogodi\u0161njoj aktivistici ekolo\u0161kog udru\u017eenja \u201eUnski smaragdi\u201c.<\/p>\n<p>U nastavku prenosimo cjelokupnu poruku koju je Majti\u0107 poslala:<\/p>\n<div class=\"Article-centralEmbed\">\n<figure style=\"width: 685px\" class=\"wp-caption alignnone\"><img decoding=\"async\" src=\"https:\/\/mbapi.oslobodjenje.ba\/storage\/images\/fde3\/f4ff\/2805\/amin-majetic.jpg\" alt=\"\" \/><figcaption class=\"wp-caption-text\">Amina je postala doktor medicine<\/figcaption><\/figure>\n<p><em>&#8211; Draga moja prva nastavnice,<\/p>\n<p>\u017eelim da Vas od srca pozdravim i ka\u017eem Vam da ste mnogo po\u017eeljeni. Posebno ovih dana, mnogo mislim na Vas, jer se nalazim na jednoj, iznimno va\u017enoj raskrsnici mog \u017eivota. Htjela sam da sa Vama, mojom prvom u\u010diteljicom, osobom s kojom sam otkrila sebe, nau\u010dila da vjerujem u sebe i zakora\u010dim u svijet bez straha, podijelim svoju radost i javim Vam da sam dobila titulu doktora medicine, uz koju sam dobila i nagradu najboljeg studenta na mom Univerzitetu u Turskoj. Sve te titule podsjetile su me na moje prve korake i osobu koja je obilje\u017eila moje djetinjstvo, a to ste Vi. Hvala Vam za sav va\u0161 trud i strpljenje, za svu podr\u0161ku koju ste mi davali i nakon zavr\u0161enog osnovnog \u0161kolovanja, pa sve do mog odlaska na fakultet, jako, jako daleko.Vjerujte mi , tokom ceremonije i progla\u0161enja, iako ne fizi\u010dki, bili ste uz mene i moje roditelje u na\u0161im mislima i srcima. Spomenuli smo Vas na stotine puta. \u0160aljem Vam i nekoliko fotografija, a uz njih i mnogo zagrljaja i poljubaca. Va\u0161a mala Amina Majeti\u0107.<\/em><\/p>\n<p>Dupanovi\u0107 je priznala da ju je Aminina poruka obradovala i rasplakala, pi\u0161e\u00a0<a href=\"https:\/\/jajce-online.com\/2019\/07\/05\/biscanka-emotivnom-porukom-rasplakala-bivsu-nastavnicu\/\" target=\"_blank\" rel=\"noopener\"><strong>Jajce-online<\/strong><\/a>.<\/p>\n<div class=\"article hasRelatedCard hasRelatedImg hasRelatedCardBody hasRelatedHeader\">\n<div class=\"card\"><\/div>\n<\/div>\n<\/div>\n<div><em>&#8211; Draga moja Amina!<\/em><\/div>\n<div>\n<figure style=\"width: 700px\" class=\"wp-caption alignnone\"><img decoding=\"async\" src=\"https:\/\/mbapi.oslobodjenje.ba\/storage\/images\/fde3\/f4ff\/2806\/mejasa-dupanovic.jpg\" alt=\"\" \/><figcaption class=\"wp-caption-text\">Nastavnicu Mejasu Dupanovi\u0107 Aminina poruka je jako obradovala, ali i rasplakala<\/figcaption><\/figure>\n<p><em>Nisam mogla \u010duti bolju vijest od ove, kojom si me zaista obradovala, a istovremeno i rasplakala. To se zovu suze radosnice, suze sre\u0107e i ponosa. Zato ti \u010destitam od srca, a tvojim roditeljima poru\u010dujem da imaju za\u0161to da \u017eive, jer si njihov ponos i dika. Na najbolji na\u010din si im uzvratila i ispunila njihova i moja o\u010dekivanja.Neka ti je sa sre\u0107om, a ti si i dalje moja mala Amina, \u0111ak generacije O\u0160 &#8220;Harmani II&#8221; u Biha\u0107u, voditeljica dje\u010dije ekolo\u0161ke akademije Unskih smaragda, voditeljica eko-kviza: Una i ekologija, moja nasljednica, ponos nacije BIH i prijateljske nam Turske dr\u017eave. Ljubi te tvoja prva u\u010diteljica<\/em>, napisala je Dupanovi\u0107.<\/p>\n<\/div>\n<div><\/div>\n","protected":false},"excerpt":{"rendered":"<p>B\u0161\u0107anka Amina Majeti\u0107 postala je doktor medicine i progla\u0161ena je najboljim studentom Univerziteta u Turskoj \u0161to je velika \u010dast. Svoju radost podijelila je s najbli\u017eim, a posebno dirljivu poruku poslala je svojoj nastavnici Mejasi Dupanovi\u0107, ina\u010de dugogodi\u0161njoj aktivistici ekolo\u0161kog udru\u017eenja \u201eUnski smaragdi\u201c. U nastavku prenosimo cjelokupnu poruku koju je Majti\u0107 poslala: &#8211; Draga moja prva [&hellip;]<\/p>\n","protected":false},"author":59,"featured_media":11548,"comment_status":"open","ping_status":"closed","sticky":false,"template":"","format":"standard","meta":{"inline_featured_image":false,"footnotes":""},"categories":[52],"tags":[],"class_list":{"0":"post-11546","1":"post","2":"type-post","3":"status-publish","4":"format-standard","5":"has-post-thumbnail","7":"category-obrazovanje"},"acf":[],"_links":{"self":[{"href":"https:\/\/tvsensor.com\/api\/wp\/v2\/posts\/11546","targetHints":{"allow":["GET"]}}],"collection":[{"href":"https:\/\/tvsensor.com\/api\/wp\/v2\/posts"}],"about":[{"href":"https:\/\/tvsensor.com\/api\/wp\/v2\/types\/post"}],"author":[{"embeddable":true,"href":"https:\/\/tvsensor.com\/api\/wp\/v2\/users\/59"}],"replies":[{"embeddable":true,"href":"https:\/\/tvsensor.com\/api\/wp\/v2\/comments?post=11546"}],"version-history":[{"count":2,"href":"https:\/\/tvsensor.com\/api\/wp\/v2\/posts\/11546\/revisions"}],"predecessor-version":[{"id":35591,"href":"https:\/\/tvsensor.com\/api\/wp\/v2\/posts\/11546\/revisions\/35591"}],"wp:featuredmedia":[{"embeddable":true,"href":"https:\/\/tvsensor.com\/api\/wp\/v2\/media\/11548"}],"wp:attachment":[{"href":"https:\/\/tvsensor.com\/api\/wp\/v2\/media?parent=11546"}],"wp:term":[{"taxonomy":"category","embeddable":true,"href":"https:\/\/tvsensor.com\/api\/wp\/v2\/categories?post=11546"},{"taxonomy":"post_tag","embeddable":true,"href":"https:\/\/tvsensor.com\/api\/wp\/v2\/tags?post=11546"}],"curies":[{"name":"wp","href":"https:\/\/api.w.org\/{rel}","templated":true}]}}