{"id":11539,"date":"2019-07-08T08:46:04","date_gmt":"2019-07-08T08:46:04","guid":{"rendered":"https:\/\/senzor.ba\/?p=11539"},"modified":"2024-01-15T21:46:29","modified_gmt":"2024-01-15T20:46:29","slug":"dodik-uoci-susreta-s-erdoganom-vazno-je-da-odnosi-bih-i-turske-budu-sto-bliskiji","status":"publish","type":"post","link":"https:\/\/tvsensor.com\/clanak\/dodik-uoci-susreta-s-erdoganom-vazno-je-da-odnosi-bih-i-turske-budu-sto-bliskiji\/","title":{"rendered":"Dodik uo\u010di susreta s Erdoganom: Va\u017eno je da odnosi BiH i Turske budu \u0161to bliskiji"},"content":{"rendered":"<div class=\"uvod uvod-clanka hidden-xs\">Predsjedavaju\u0107i Predsjedni\u0161tva BiH Milorad Dodik istakao je da \u0107e samit Procesa za saradnju u jugoisto\u010dnoj Evropi (SEECP), koji se odr\u017eava danas i sutra u BiH, biti prilika za otvorene razgovore zvani\u010dnika tih zemalja i uspostavljanje bolje saradnje, te da \u0107e poku\u0161ati da daju odgovore i na pitanja u vezi taksa koje je uvelo Kosovo.<\/div>\n<div><\/div>\n<div class=\"uvod uvod-clanka hidden-xs\">Dodik je naveo da \u0107e biti odr\u017ean niz bilateralnih susreta sa zvani\u010dnicima zemalja jugoisto\u010dne Evrope, a jedan od najzna\u010dajnijih bit \u0107e sa predsjednikom Turske Recepom Tayyipom Erdoganom.<\/div>\n<div><\/div>\n<div class=\"uvod uvod-clanka hidden-xs\">&#8220;Sa Erdoganom \u0107emo razgovarati o nizu pitanja koja smo po\u010deli prilikom nedavne posjete Ankari, kao \u0161to je autoput i pitanjima vezanim za odre\u0111ene trgovinske aran\u017emane. Veoma je va\u017eno da odnosi sa svim zemljama budu \u0161to je mogu\u0107e bliskiji i dinami\u010dniji&#8221;, rekao je Dodik za &#8220;Glas Srpske&#8221;.<\/div>\n","protected":false},"excerpt":{"rendered":"<p>Predsjedavaju\u0107i Predsjedni\u0161tva BiH Milorad Dodik istakao je da \u0107e samit Procesa za saradnju u jugoisto\u010dnoj Evropi (SEECP), koji se odr\u017eava danas i sutra u BiH, biti prilika za otvorene razgovore zvani\u010dnika tih zemalja i uspostavljanje bolje saradnje, te da \u0107e poku\u0161ati da daju odgovore i na pitanja u vezi taksa koje je uvelo Kosovo. Dodik [&hellip;]<\/p>\n","protected":false},"author":59,"featured_media":11540,"comment_status":"open","ping_status":"closed","sticky":false,"template":"","format":"standard","meta":{"inline_featured_image":false,"footnotes":""},"categories":[234],"tags":[],"class_list":{"0":"post-11539","1":"post","2":"type-post","3":"status-publish","4":"format-standard","5":"has-post-thumbnail","7":"category-politika"},"acf":[],"_links":{"self":[{"href":"https:\/\/tvsensor.com\/api\/wp\/v2\/posts\/11539","targetHints":{"allow":["GET"]}}],"collection":[{"href":"https:\/\/tvsensor.com\/api\/wp\/v2\/posts"}],"about":[{"href":"https:\/\/tvsensor.com\/api\/wp\/v2\/types\/post"}],"author":[{"embeddable":true,"href":"https:\/\/tvsensor.com\/api\/wp\/v2\/users\/59"}],"replies":[{"embeddable":true,"href":"https:\/\/tvsensor.com\/api\/wp\/v2\/comments?post=11539"}],"version-history":[{"count":2,"href":"https:\/\/tvsensor.com\/api\/wp\/v2\/posts\/11539\/revisions"}],"predecessor-version":[{"id":11542,"href":"https:\/\/tvsensor.com\/api\/wp\/v2\/posts\/11539\/revisions\/11542"}],"wp:featuredmedia":[{"embeddable":true,"href":"https:\/\/tvsensor.com\/api\/wp\/v2\/media\/11540"}],"wp:attachment":[{"href":"https:\/\/tvsensor.com\/api\/wp\/v2\/media?parent=11539"}],"wp:term":[{"taxonomy":"category","embeddable":true,"href":"https:\/\/tvsensor.com\/api\/wp\/v2\/categories?post=11539"},{"taxonomy":"post_tag","embeddable":true,"href":"https:\/\/tvsensor.com\/api\/wp\/v2\/tags?post=11539"}],"curies":[{"name":"wp","href":"https:\/\/api.w.org\/{rel}","templated":true}]}}