{"id":11532,"date":"2019-07-08T08:37:55","date_gmt":"2019-07-08T08:37:55","guid":{"rendered":"https:\/\/senzor.ba\/?p=11532"},"modified":"2024-01-15T21:46:29","modified_gmt":"2024-01-15T20:46:29","slug":"u-bih-danas-suncano-od-utorka-osjetno-osvjezenje","status":"publish","type":"post","link":"https:\/\/tvsensor.com\/clanak\/u-bih-danas-suncano-od-utorka-osjetno-osvjezenje\/","title":{"rendered":"U BiH danas sun\u010dano, od utorka osjetno osvje\u017eenje"},"content":{"rendered":"<p>U Bosni i Hercegovini \u0107e danas preovladavati sun\u010dano vrijeme, dok se poslijepodne o\u010dekuje umjeren porast naoblake u centralnim i isto\u010dnim podru\u010djima Bosne \u0161to mo\u017ee usloviti lokalne pljuskove i grmljavinu.<\/p>\n<p>U ve\u010dernjim satima i u no\u0107i sa ponedjeljka na utorak u ve\u0107em dijelu Bosne se o\u010dekuje ki\u0161a, pljuskovi i grmljavina. U sjevernim podru\u010djima Bosne lokalno je mogu\u0107e ja\u010de grmljavinsko nevrijeme. Vjetar slab do umjeren sjeverni i sjeveroisto\u010dni. Poslijepodne u Hercegovini i na zapadu Bosne vjetar u skretanju na jugozapadni.<\/p>\n<p>Dnevne temperature kreta\u0107e se od 24 do 30, na jugu do 34 stepena Celzijusa.<\/p>\n<p>U Sarajevu \u0107e tokom dana biti sun\u010dano. Poslijepodne ponegdje na podru\u010dju kantona je mogu\u0107 slab pljusak ki\u0161e. Dnevna temperatura kreta\u0107e se oko 26 stepeni.<\/p>\n<p>U utorak i srijedu ve\u0107i dio dana prete\u017eno obla\u010dno vrijeme sa ki\u0161om, pljuskovima i grmljavinom. Tokom dana padavine postepeno slabe i prestaju. Jutarnja temperatura kreta\u0107e se od 10 do 17, na jugu od 18 do 23, a najvi\u0161a dnevna od 19 do 26, na jugu do 28 stepeni.<\/p>\n<p>Prema prognozama Federalnog hidrometeorolo\u0161kog zavoda (FHMZ) BiH u \u010detvrtak \u0107e biti malo do umjereno obla\u010dno i sun\u010dano vrijeme. Po kotlinama i uz rije\u010dne tokove mogu\u0107a je magla ili niska obla\u010dnost. Jutarnja temperatura od 10 do 16, na jugu do 18, a najvi\u0161a dnevna od 20 do 26, na jugu do 28 stepeni.<\/p>\n","protected":false},"excerpt":{"rendered":"<p>U Bosni i Hercegovini \u0107e danas preovladavati sun\u010dano vrijeme, dok se poslijepodne o\u010dekuje umjeren porast naoblake u centralnim i isto\u010dnim podru\u010djima Bosne \u0161to mo\u017ee usloviti lokalne pljuskove i grmljavinu. U ve\u010dernjim satima i u no\u0107i sa ponedjeljka na utorak u ve\u0107em dijelu Bosne se o\u010dekuje ki\u0161a, pljuskovi i grmljavina. U sjevernim podru\u010djima Bosne lokalno je [&hellip;]<\/p>\n","protected":false},"author":59,"featured_media":11534,"comment_status":"open","ping_status":"closed","sticky":false,"template":"","format":"standard","meta":{"inline_featured_image":false,"footnotes":""},"categories":[38],"tags":[],"class_list":{"0":"post-11532","1":"post","2":"type-post","3":"status-publish","4":"format-standard","5":"has-post-thumbnail","7":"category-vijesti-iz-bih"},"acf":[],"_links":{"self":[{"href":"https:\/\/tvsensor.com\/api\/wp\/v2\/posts\/11532","targetHints":{"allow":["GET"]}}],"collection":[{"href":"https:\/\/tvsensor.com\/api\/wp\/v2\/posts"}],"about":[{"href":"https:\/\/tvsensor.com\/api\/wp\/v2\/types\/post"}],"author":[{"embeddable":true,"href":"https:\/\/tvsensor.com\/api\/wp\/v2\/users\/59"}],"replies":[{"embeddable":true,"href":"https:\/\/tvsensor.com\/api\/wp\/v2\/comments?post=11532"}],"version-history":[{"count":1,"href":"https:\/\/tvsensor.com\/api\/wp\/v2\/posts\/11532\/revisions"}],"predecessor-version":[{"id":11535,"href":"https:\/\/tvsensor.com\/api\/wp\/v2\/posts\/11532\/revisions\/11535"}],"wp:featuredmedia":[{"embeddable":true,"href":"https:\/\/tvsensor.com\/api\/wp\/v2\/media\/11534"}],"wp:attachment":[{"href":"https:\/\/tvsensor.com\/api\/wp\/v2\/media?parent=11532"}],"wp:term":[{"taxonomy":"category","embeddable":true,"href":"https:\/\/tvsensor.com\/api\/wp\/v2\/categories?post=11532"},{"taxonomy":"post_tag","embeddable":true,"href":"https:\/\/tvsensor.com\/api\/wp\/v2\/tags?post=11532"}],"curies":[{"name":"wp","href":"https:\/\/api.w.org\/{rel}","templated":true}]}}