{"id":11526,"date":"2019-07-08T08:37:17","date_gmt":"2019-07-08T08:37:17","guid":{"rendered":"https:\/\/senzor.ba\/?p=11526"},"modified":"2024-01-15T21:46:29","modified_gmt":"2024-01-15T20:46:29","slug":"predsjednik-turske-erdogan-danas-dolazi-u-posjetu-bosni-i-hercegovini","status":"publish","type":"post","link":"https:\/\/tvsensor.com\/clanak\/predsjednik-turske-erdogan-danas-dolazi-u-posjetu-bosni-i-hercegovini\/","title":{"rendered":"Predsjednik Turske Erdogan danas dolazi u posjetu Bosni i Hercegovini"},"content":{"rendered":"<p>Predsjednik Republike Turske Recep Tayyip Erdogan danas \u0107e doputovati u dvodnevnu posjetu u Sarajevo, a povod za posjetu je samit Procesa saradnje u Jugoisto\u010dnoj Evropi (SEECP) kojim predsjedava Bosna i Hercegovina, javlja Anadolu Agency (AA).<\/p>\n<p>\u0160ef Odjela za komunikacije pri Uredu turskog predsjednika Fahrettin Altun ranije je saop\u0107io kako bi se Erdogan tokom posjete trebao sastati \u010dlanovima Predsjedni\u0161tva BiH, kao i s \u010delnicima zemalja u\u010desnica samita.<\/p>\n<p>\u201cTurska sna\u017eno podr\u017eava Proces saradnje u Jugoisti\u010dnoj Evropi. Na skupu \u0107e biti razgovarano o razvoju saradnje na Balkanu, prvenstveno u ekonomiji, trgovini, transportu, infrastrukturi i investicijama\u201c, saop\u0107io je Altun.<\/p>\n<p>O\u010dekuje se i da \u0107e se Erdogan prvog dana boravka u Sarajevu sastati s delegacijom turske vojne misije koji djeluje u sastavu EUFOR-a u BiH.<\/p>\n<p>Erdogan \u0107e posjetiti i \u0160ehidsko mezarje Kova\u010di i mezar prvog predsjednika Predsjedni\u0161tva BiH Alije Izetbegovi\u0107a.<\/p>\n<p>Tokom dana najavljen je sastanak Erdogana s predsjedavaju\u0107im Doma naroda Parlamentarne skup\u0161tine BiH i predsjednikom Stranke demokratske akcije (SDA) Bakirom Izetbegovi\u0107em te u\u010de\u0161\u0107e na sve\u010danoj ve\u010deri u zgradi Predsjedni\u0161tva BiH.<\/p>\n<p>Nakon sastanka s Izetbegovi\u0107em planiran je sastanak Erdogana i slovenskog predsjednika Boruta Pahora.<\/p>\n<p>U utorak, drugog dana posjete, turski predsjednik Erdogan \u0107e prisustvovati samitu SCEEP-a koji se odr\u017eava u hotelu &#8220;Termag&#8221; na Jahorini, a na marginama sastanka bi se trebao sastati s predsjednikom Sjeverne Makedonije Stevom Pendarovskim.<\/p>\n<p>U pratnji supruge Emine, turski predsjednik Erdogan bi u Sarajevu trebao prisustvovati i ispra\u0107aju tabuta s posmrtnim ostacima \u017ertava genocida u Srebrenici, koji \u0107e biti sahranjeni u Poto\u010darima, 11. jula, na 24. godi\u0161njicu tog zlo\u010dina.<\/p>\n","protected":false},"excerpt":{"rendered":"<p>Predsjednik Republike Turske Recep Tayyip Erdogan danas \u0107e doputovati u dvodnevnu posjetu u Sarajevo, a povod za posjetu je samit Procesa saradnje u Jugoisto\u010dnoj Evropi (SEECP) kojim predsjedava Bosna i Hercegovina, javlja Anadolu Agency (AA). \u0160ef Odjela za komunikacije pri Uredu turskog predsjednika Fahrettin Altun ranije je saop\u0107io kako bi se Erdogan tokom posjete trebao [&hellip;]<\/p>\n","protected":false},"author":59,"featured_media":11531,"comment_status":"open","ping_status":"closed","sticky":false,"template":"","format":"standard","meta":{"inline_featured_image":false,"footnotes":""},"categories":[38],"tags":[],"class_list":{"0":"post-11526","1":"post","2":"type-post","3":"status-publish","4":"format-standard","5":"has-post-thumbnail","7":"category-vijesti-iz-bih"},"acf":[],"_links":{"self":[{"href":"https:\/\/tvsensor.com\/api\/wp\/v2\/posts\/11526","targetHints":{"allow":["GET"]}}],"collection":[{"href":"https:\/\/tvsensor.com\/api\/wp\/v2\/posts"}],"about":[{"href":"https:\/\/tvsensor.com\/api\/wp\/v2\/types\/post"}],"author":[{"embeddable":true,"href":"https:\/\/tvsensor.com\/api\/wp\/v2\/users\/59"}],"replies":[{"embeddable":true,"href":"https:\/\/tvsensor.com\/api\/wp\/v2\/comments?post=11526"}],"version-history":[{"count":1,"href":"https:\/\/tvsensor.com\/api\/wp\/v2\/posts\/11526\/revisions"}],"predecessor-version":[{"id":11533,"href":"https:\/\/tvsensor.com\/api\/wp\/v2\/posts\/11526\/revisions\/11533"}],"wp:featuredmedia":[{"embeddable":true,"href":"https:\/\/tvsensor.com\/api\/wp\/v2\/media\/11531"}],"wp:attachment":[{"href":"https:\/\/tvsensor.com\/api\/wp\/v2\/media?parent=11526"}],"wp:term":[{"taxonomy":"category","embeddable":true,"href":"https:\/\/tvsensor.com\/api\/wp\/v2\/categories?post=11526"},{"taxonomy":"post_tag","embeddable":true,"href":"https:\/\/tvsensor.com\/api\/wp\/v2\/tags?post=11526"}],"curies":[{"name":"wp","href":"https:\/\/api.w.org\/{rel}","templated":true}]}}