{"id":11525,"date":"2019-07-08T08:36:30","date_gmt":"2019-07-08T08:36:30","guid":{"rendered":"https:\/\/senzor.ba\/?p=11525"},"modified":"2024-01-15T21:46:29","modified_gmt":"2024-01-15T20:46:29","slug":"petnaestu-godinu-za-redom-biciklisti-i-maratonci-krenuli-iz-bihaca-put-srebrenice","status":"publish","type":"post","link":"https:\/\/tvsensor.com\/clanak\/petnaestu-godinu-za-redom-biciklisti-i-maratonci-krenuli-iz-bihaca-put-srebrenice\/","title":{"rendered":"Petnaestu godinu za redom: Biciklisti i maratonci krenuli iz Biha\u0107a put Srebrenice"},"content":{"rendered":"<p>U organizaciji Kluba ekstremnih sportova &#8220;Limit&#8221; iz Biha\u0107a je jutros put Srebrenice krenulo 300 biciklista i osamnaest maratonaca iz Bosne i Hercegovine i jo\u0161 deset zemalja svijeta. Petnaestim biciklisti\u010dkim maratonom Biha\u0107 &#8211; Srebrenica pod nazivom \u201cDa se nikad ne ponovi i ne zaboravi\u201c, te desetim trka\u010dkim maratonom, biciklisti i atleti\u010dari obilje\u017eiti \u0107e 24. godi\u0161njicu stradanja nedu\u017enih Bo\u0161njaka iz za\u0161ti\u0107ene zone UN-a Srebrenice.<\/p>\n<p>\u201cEvo i petnaestu godinu za redom okupljamo se u Biha\u0107u i kroz tri etape mi biciklisti \u0107emo prisjetiti se tragedije stradanja nedu\u017enih civila Bo\u0161njaka u Srebrenici, suosje\u0107aju\u0107i sa patnjom i bolom pre\u017eivjelih Srebreni\u010dana. I ove godine mi sa zapadne kapije na\u0161e domovine put Srebrenice nosimo parolu \u00a8Da se nikad ne zaboravi i ne ponovi\u00a8 \u201c- kazao je Ermin Lipovi\u0107, predsjednik KES Limit.<\/p>\n<p>Sa gradskog trga bicikliste i maratonce ispratio je veliki brog Bi\u0161\u0107ana, a me\u0111u njima predstavnici Grada Biha\u0107a i Cazina, gradona\u010delnik \u0160uhret Fazli\u0107 i savjetnik gradona\u010delnika Cazina Jusuf Bajrektarevi\u0107.<\/p>\n<p>\u201eBi\u0161\u0107ani i svi Kraji\u0161nici ponose se sa u\u010desnicima biciklisti\u010dkog i trka\u010dkog maratona i hvala svima koji su i ove godine dio ove pri\u010de koja \u0161alje poruke mira, ali i poruke da dok god ima nas \u017eivih biti \u0107e i Bosne i Hercegovine i biti \u0107e sje\u0107anja na sve nevino ubijene \u017ertve genocida u Srebrenici, ali i u drugim dijelovima Bosne i Hercegovine \u201e-kazao je gradona\u010delnik Fazli\u0107.<\/p>\n<p>Na isti put krenuli su i biha\u0107ki planinari, u organizaciji Planinarskog dru\u0161tva &#8220;Horizont&#8221;. Oni \u0107e se pridru\u017eiti Mar\u0161u mira do Srebrenice, koji kre\u0107e iz Nezuka kod Sapne.<\/p>\n<p>Oslobo\u0111enje<\/p>\n","protected":false},"excerpt":{"rendered":"<p>U organizaciji Kluba ekstremnih sportova &#8220;Limit&#8221; iz Biha\u0107a je jutros put Srebrenice krenulo 300 biciklista i osamnaest maratonaca iz Bosne i Hercegovine i jo\u0161 deset zemalja svijeta. Petnaestim biciklisti\u010dkim maratonom Biha\u0107 &#8211; Srebrenica pod nazivom \u201cDa se nikad ne ponovi i ne zaboravi\u201c, te desetim trka\u010dkim maratonom, biciklisti i atleti\u010dari obilje\u017eiti \u0107e 24. godi\u0161njicu stradanja [&hellip;]<\/p>\n","protected":false},"author":59,"featured_media":11529,"comment_status":"open","ping_status":"closed","sticky":false,"template":"","format":"standard","meta":{"inline_featured_image":false,"footnotes":""},"categories":[38],"tags":[],"class_list":{"0":"post-11525","1":"post","2":"type-post","3":"status-publish","4":"format-standard","5":"has-post-thumbnail","7":"category-vijesti-iz-bih"},"acf":[],"_links":{"self":[{"href":"https:\/\/tvsensor.com\/api\/wp\/v2\/posts\/11525","targetHints":{"allow":["GET"]}}],"collection":[{"href":"https:\/\/tvsensor.com\/api\/wp\/v2\/posts"}],"about":[{"href":"https:\/\/tvsensor.com\/api\/wp\/v2\/types\/post"}],"author":[{"embeddable":true,"href":"https:\/\/tvsensor.com\/api\/wp\/v2\/users\/59"}],"replies":[{"embeddable":true,"href":"https:\/\/tvsensor.com\/api\/wp\/v2\/comments?post=11525"}],"version-history":[{"count":1,"href":"https:\/\/tvsensor.com\/api\/wp\/v2\/posts\/11525\/revisions"}],"predecessor-version":[{"id":11530,"href":"https:\/\/tvsensor.com\/api\/wp\/v2\/posts\/11525\/revisions\/11530"}],"wp:featuredmedia":[{"embeddable":true,"href":"https:\/\/tvsensor.com\/api\/wp\/v2\/media\/11529"}],"wp:attachment":[{"href":"https:\/\/tvsensor.com\/api\/wp\/v2\/media?parent=11525"}],"wp:term":[{"taxonomy":"category","embeddable":true,"href":"https:\/\/tvsensor.com\/api\/wp\/v2\/categories?post=11525"},{"taxonomy":"post_tag","embeddable":true,"href":"https:\/\/tvsensor.com\/api\/wp\/v2\/tags?post=11525"}],"curies":[{"name":"wp","href":"https:\/\/api.w.org\/{rel}","templated":true}]}}