{"id":11524,"date":"2019-07-08T08:32:58","date_gmt":"2019-07-08T08:32:58","guid":{"rendered":"https:\/\/senzor.ba\/?p=11524"},"modified":"2024-01-15T21:46:29","modified_gmt":"2024-01-15T20:46:29","slug":"iz-nezuka-krenuo-mars-mira-vise-hiljada-ucesnika-na-celu-kolone-prezivjeli-srebrenicani","status":"publish","type":"post","link":"https:\/\/tvsensor.com\/clanak\/iz-nezuka-krenuo-mars-mira-vise-hiljada-ucesnika-na-celu-kolone-prezivjeli-srebrenicani\/","title":{"rendered":"Iz Nezuka krenuo &#8220;Mar\u0161 mira&#8221;: Vi\u0161e hiljada u\u010desnika, na \u010delu kolone pre\u017eivjeli Srebreni\u010dani"},"content":{"rendered":"<p>Pre\u017eivjeli, a sa njima jo\u0161 hiljade ljudi iz razli\u010ditih dijelova Bosne i Hercegovine i svijeta i jutros su, kao i prethodnih godina krenuli iz Nezuka, kod Sapne, na put do Poto\u010dara gdje \u0107e 11. jula biti klanjana kolektivna d\u017eenaza i obavljen ukop 33 \u017ertve genocida po\u010dinjenog u ljeto 1995. godine u Srebrenici, javlja Anadolu Agency (AA).<\/p>\n<p>Me\u0111u u\u010desnicima je i ove godine veliki broj mladih ljudi koji \u017eele odati po\u010dast mu\u0161karcima i dje\u010dacima ubijenim 1995.<\/p>\n<p>U trodnevnom &#8220;Mar\u0161u mira&#8221; u\u010destvuju osobe iz cijelog svijeta koje na ovaj na\u010din daju podr\u0161ku pre\u017eivjelim Srebreni\u010danima i \u0161alju poruku da se takvo zlo vi\u0161e nikada i nikome ne ponovi.<\/p>\n<p>Cilj je da se oda po\u010dast onima koji su izgubili \u017eivote na &#8220;putu smrti&#8221; i da se klanja d\u017eenaza u mezarju Memorijalnog centra Srebrenica &#8211; Poto\u010dari.<\/p>\n<p>Organizatori su pred polazak kolone upozorili jo\u0161 jednom da se po\u0161tuje kodeks pona\u0161anja i da se na miran i dostojanstven na\u010din kre\u0107e rutom kojom su se kretali Srebreni\u010dani, koji su prije 24 godine tra\u017eili spas na tom putu, poku\u0161avaju\u0107i do\u0107i do slobodne teritorije.<\/p>\n<p>Za pre\u017eivjele Mar\u0161 predstavlja prelazak iz bolne pro\u0161losti u vedriju i bolju budu\u0107nost.<\/p>\n<p>Hamdija Fejzi\u0107, predsjednik Organizacionog odbora za obilje\u017eavanje 24. godi\u0161njice genocida nad Bo\u0161njacima za\u0161ti\u0107ene zone UN-a Srebrenica, izjavio je za AA da su se danas okupili da isprate u\u010desnike Mar\u0161a mira na put dug vi\u0161e od 100 kilometara.<\/p>\n<p>&#8220;Mar\u0161 mira je postao svjetska manifestacija i svaki put iz Nezuka krene vi\u0161e od 5.000 ljudi. Mislim da smo zavr\u0161ili sve pripreme i nadam se da \u0107e sve biti uredu&#8221;, pojasnio je Fejzi\u0107.<\/p>\n<p>Nada se da \u0107e im vremenske prilike i\u0107i na ruku i olak\u0161ati pje\u0161a\u010denje u\u010desnika Mar\u0161a. Tako\u0111er nada se i da \u0107e vremenske prilike dopustiti da u\u010desnici ove godine pro\u0111u autenti\u010dnom trasom preko Kameni\u010dkog brda kojom su se kretali Srebreni\u010dani u ljeto 1995. godine.<\/p>\n<p>&#8220;Planirali smo da zadnji dio trase, prema Buljimu, pre\u0111emo onom autenti\u010dnom dionicom iz 1995. Zavr\u0161ili smo pripreme ali ukoliko bude ki\u0161e u ova dva mislim da \u0107emo morati iz sigurnosnih razloga da opet zaobi\u0111emo tu trasu&#8221;, rekao je Fejzi\u0107.<\/p>\n<p>Iz Travnika u Mar\u0161u mira u\u010destvuje i 23-godi\u0161nji Haris Beganovi\u0107.<\/p>\n<p>&#8220;Ve\u0107 14 godina u\u010destvuje u Mar\u0161u. Mnogo toga me ve\u017ee za Srebrenicu. Na cijeloj trasi najgore su masovne grobnice&#8221;, poru\u010dio je Beganovi\u0107.<\/p>\n<p>U Mar\u0161u tre\u0107i put u\u010destvuje i 14-godi\u0161nji Dervi\u0161 Grabus.<\/p>\n<p>&#8220;Tu sam sa amid\u017eom i drugim ljudima iz Travnika. Pje\u0161a\u010dim da odam po\u010dast \u017ertvama genocida i da vidim \u0161ta su ljudi pro\u017eivjeli. Najte\u017ee mi je pje\u0161a\u010diti preko Udr\u010da&#8221;, rekao je Dervi\u0161.<\/p>\n<p>Na put dug oko 110 kilometara krenuo je i Be\u0107ir Mulahmetovi\u0107 iz Grada\u010dca.<\/p>\n<p>&#8220;Ovo mi je peti put da u\u010destvujem u Mar\u0161u mira. Sa mnom je i unuka koja ima deset godina. Mi moramo \u017eivjeti zajedno, i trebamo \u017eivjeti&#8221;, poru\u010diti je Be\u0107ir kojem je najgori dio trase gledanje masovnih grobnica koje se nalaze du\u017e trase Mar\u0161a mira.<\/p>\n<p>Me\u0111u u\u010desnicima Mar\u0161a mira je i veliki broj gostiju iz Turske.<\/p>\n<p>Jedan od njih je i Tahsin Gaovi\u0107. Njegovi preci su iz Trebinja, a on sa porodicom \u017eivi u jednom mjestu kod Izmita.<\/p>\n<p>&#8220;Nisam ranije dolazio pa sam odlu\u010dio ove godine. \u017delim odati po\u010dast \u017ertvama genocida. Cilj nam je biti uz Bo\u0161njake u ovim danima&#8221;, rekao je Gaovi\u0107.<\/p>\n<p>Ahmet Utas je rekao da su njihovi djedovi iz Bosne.<\/p>\n<p>&#8220;Na kolektivnu d\u017eenazu u Srebrenici dolazim od 2010., a u Mar\u0161u u\u010destvujem drugu godinu&#8221;, pojasnio je Utas.<\/p>\n<p>Tucal Yerel u Mar\u0161u mira u\u010destvuje tre\u0107i put. Kako je kazao, tu je kako bi pokazao da je uz porodice \u017ertava i bra\u0107u iz BiH.<\/p>\n<p>&#8220;Mar\u0161 mira Nezuk &#8211; Poto\u010dari&#8221; i ove godine je, pored komemoracije i d\u017eenaze \u017ertvama, jedna od glavnih aktivnosti u sklopu obilje\u017eavanja godi\u0161njice genocida nad Bo\u0161njacima Srebrenice. Rije\u010d je o jednoj od najve\u0107ih aktivnosti u okviru obilje\u017eavanja godi\u0161njice genocida.<\/p>\n<p>Na trasi od Nezuka do Poto\u010dara u\u010desnici su ranijih godina prolazili mar\u0161rutom: Nezuk &#8211; Baljkovica &#8211; Parlog &#8211; Crni Vrh &#8211; Snagovo &#8211; Liplje &#8211; Jo\u0161anica &#8211; Donja Kamenica &#8211; Bakra\u010di &#8211; Glodi &#8211; Udr\u010d &#8211; Cerska &#8211; Kaldrmica &#8211; \u0110ugum &#8211; Mravinjci &#8211; Burnice &#8211; Kameni\u010dko Brdo &#8211; Ravni Buljim &#8211; Jagli\u0107i &#8211; \u0160u\u0161njari &#8211; Budak &#8211; Poto\u010dari (Memorijalni centar).<\/p>\n","protected":false},"excerpt":{"rendered":"<p>Pre\u017eivjeli, a sa njima jo\u0161 hiljade ljudi iz razli\u010ditih dijelova Bosne i Hercegovine i svijeta i jutros su, kao i prethodnih godina krenuli iz Nezuka, kod Sapne, na put do Poto\u010dara gdje \u0107e 11. jula biti klanjana kolektivna d\u017eenaza i obavljen ukop 33 \u017ertve genocida po\u010dinjenog u ljeto 1995. godine u Srebrenici, javlja Anadolu Agency [&hellip;]<\/p>\n","protected":false},"author":59,"featured_media":11527,"comment_status":"open","ping_status":"closed","sticky":false,"template":"","format":"standard","meta":{"inline_featured_image":false,"footnotes":""},"categories":[38],"tags":[],"class_list":{"0":"post-11524","1":"post","2":"type-post","3":"status-publish","4":"format-standard","5":"has-post-thumbnail","7":"category-vijesti-iz-bih"},"acf":[],"_links":{"self":[{"href":"https:\/\/tvsensor.com\/api\/wp\/v2\/posts\/11524","targetHints":{"allow":["GET"]}}],"collection":[{"href":"https:\/\/tvsensor.com\/api\/wp\/v2\/posts"}],"about":[{"href":"https:\/\/tvsensor.com\/api\/wp\/v2\/types\/post"}],"author":[{"embeddable":true,"href":"https:\/\/tvsensor.com\/api\/wp\/v2\/users\/59"}],"replies":[{"embeddable":true,"href":"https:\/\/tvsensor.com\/api\/wp\/v2\/comments?post=11524"}],"version-history":[{"count":1,"href":"https:\/\/tvsensor.com\/api\/wp\/v2\/posts\/11524\/revisions"}],"predecessor-version":[{"id":11528,"href":"https:\/\/tvsensor.com\/api\/wp\/v2\/posts\/11524\/revisions\/11528"}],"wp:featuredmedia":[{"embeddable":true,"href":"https:\/\/tvsensor.com\/api\/wp\/v2\/media\/11527"}],"wp:attachment":[{"href":"https:\/\/tvsensor.com\/api\/wp\/v2\/media?parent=11524"}],"wp:term":[{"taxonomy":"category","embeddable":true,"href":"https:\/\/tvsensor.com\/api\/wp\/v2\/categories?post=11524"},{"taxonomy":"post_tag","embeddable":true,"href":"https:\/\/tvsensor.com\/api\/wp\/v2\/tags?post=11524"}],"curies":[{"name":"wp","href":"https:\/\/api.w.org\/{rel}","templated":true}]}}