{"id":11519,"date":"2019-07-08T08:31:04","date_gmt":"2019-07-08T08:31:04","guid":{"rendered":"https:\/\/senzor.ba\/?p=11519"},"modified":"2024-01-15T21:46:30","modified_gmt":"2024-01-15T20:46:30","slug":"al-jazeera-balkans-krece-u-izgradnju-vlastitog-objekta-u-sarajevu","status":"publish","type":"post","link":"https:\/\/tvsensor.com\/clanak\/al-jazeera-balkans-krece-u-izgradnju-vlastitog-objekta-u-sarajevu\/","title":{"rendered":"Al Jazeera Balkans kre\u0107e u izgradnju vlastitog objekta u Sarajevu"},"content":{"rendered":"<p>Al Jazeera Balkans, regionalna medijska mre\u017ea, gradit \u0107e vlastiti objekat u Sarajevu, pi\u0161e BiznisInfo.<\/p>\n<p>Al Jazeera Balkans trenutno tra\u017ei pogodno gra\u0111evinsko zemlji\u0161te za izgadnju poslovnog objekta.<\/p>\n<p>Tra\u017ee zemlji\u0161te u Sarajevu povr\u0161ine 2000 do 3500 kvadratnih metara sa pravom gradnje poslovnog objekta do 5000 kvadratnih metara.<\/p>\n<p>Podsjetimo da je Al Jazeera Balkans po\u010dela s radom u novembru 2011. godine, a da joj je sjedi\u0161te u sarajevskom BBI centru. Ima regionalne centre u Zagrebu, Beogradu, Skoplju i Podgorici. Al Jazeera Balkans je u vlasni\u0161tvu Al Jazeera Media Networka \u010dije je sjedi\u0161te u Kataru.<\/p>\n<p>U sklopu grupacije je i televizija Al Jazeera English. (Biznis Info)<\/p>\n","protected":false},"excerpt":{"rendered":"<p>Al Jazeera Balkans, regionalna medijska mre\u017ea, gradit \u0107e vlastiti objekat u Sarajevu, pi\u0161e BiznisInfo. Al Jazeera Balkans trenutno tra\u017ei pogodno gra\u0111evinsko zemlji\u0161te za izgadnju poslovnog objekta. Tra\u017ee zemlji\u0161te u Sarajevu povr\u0161ine 2000 do 3500 kvadratnih metara sa pravom gradnje poslovnog objekta do 5000 kvadratnih metara. Podsjetimo da je Al Jazeera Balkans po\u010dela s radom u [&hellip;]<\/p>\n","protected":false},"author":59,"featured_media":11522,"comment_status":"open","ping_status":"closed","sticky":false,"template":"","format":"standard","meta":{"inline_featured_image":false,"footnotes":""},"categories":[38],"tags":[],"class_list":{"0":"post-11519","1":"post","2":"type-post","3":"status-publish","4":"format-standard","5":"has-post-thumbnail","7":"category-vijesti-iz-bih"},"acf":[],"_links":{"self":[{"href":"https:\/\/tvsensor.com\/api\/wp\/v2\/posts\/11519","targetHints":{"allow":["GET"]}}],"collection":[{"href":"https:\/\/tvsensor.com\/api\/wp\/v2\/posts"}],"about":[{"href":"https:\/\/tvsensor.com\/api\/wp\/v2\/types\/post"}],"author":[{"embeddable":true,"href":"https:\/\/tvsensor.com\/api\/wp\/v2\/users\/59"}],"replies":[{"embeddable":true,"href":"https:\/\/tvsensor.com\/api\/wp\/v2\/comments?post=11519"}],"version-history":[{"count":1,"href":"https:\/\/tvsensor.com\/api\/wp\/v2\/posts\/11519\/revisions"}],"predecessor-version":[{"id":11523,"href":"https:\/\/tvsensor.com\/api\/wp\/v2\/posts\/11519\/revisions\/11523"}],"wp:featuredmedia":[{"embeddable":true,"href":"https:\/\/tvsensor.com\/api\/wp\/v2\/media\/11522"}],"wp:attachment":[{"href":"https:\/\/tvsensor.com\/api\/wp\/v2\/media?parent=11519"}],"wp:term":[{"taxonomy":"category","embeddable":true,"href":"https:\/\/tvsensor.com\/api\/wp\/v2\/categories?post=11519"},{"taxonomy":"post_tag","embeddable":true,"href":"https:\/\/tvsensor.com\/api\/wp\/v2\/tags?post=11519"}],"curies":[{"name":"wp","href":"https:\/\/api.w.org\/{rel}","templated":true}]}}