{"id":11509,"date":"2019-07-07T12:54:39","date_gmt":"2019-07-07T12:54:39","guid":{"rendered":"https:\/\/senzor.ba\/?p=11509"},"modified":"2024-01-15T21:46:30","modified_gmt":"2024-01-15T20:46:30","slug":"julske-noci-nova-kasida-grupe-ehli-iman","status":"publish","type":"post","link":"https:\/\/tvsensor.com\/clanak\/julske-noci-nova-kasida-grupe-ehli-iman\/","title":{"rendered":"&#8220;Julske no\u0107i&#8221; nova kasida grupe Ehli Iman\u00a0"},"content":{"rendered":"<p><img loading=\"lazy\" decoding=\"async\" width=\"300\" height=\"199\" class=\"alignnone size-medium wp-image-11512\" src=\"https:\/\/tvsensor.com\/wp-content\/uploads\/2019\/07\/FB_IMG_1562306145100-300x199.jpg\" alt=\"\" srcset=\"https:\/\/tvsensor.com\/wp-content\/uploads\/2019\/07\/FB_IMG_1562306145100-300x199.jpg 300w, https:\/\/tvsensor.com\/wp-content\/uploads\/2019\/07\/FB_IMG_1562306145100-768x510.jpg 768w, https:\/\/tvsensor.com\/wp-content\/uploads\/2019\/07\/FB_IMG_1562306145100-1024x680.jpg 1024w, https:\/\/tvsensor.com\/wp-content\/uploads\/2019\/07\/FB_IMG_1562306145100-750x498.jpg 750w, https:\/\/tvsensor.com\/wp-content\/uploads\/2019\/07\/FB_IMG_1562306145100.jpg 1085w\" sizes=\"auto, (max-width: 300px) 100vw, 300px\" \/><\/p>\n<p>Grupa Ehli Iman osnovana je 2015. godine u cilju predstavljanja autorskih bosanskih ilahija i kasida. Grupa se sastoji od \u010detiri \u010dlana: Ned\u017ead Grbi\u0107 (Prnjavor), Idriz Hasanovi\u0107 (Zagreb), Kemal Pand\u017ea (Prnjavor) i Izet Mustafi\u0107 (Gra\u010danica).<\/p>\n<p><img loading=\"lazy\" decoding=\"async\" width=\"300\" height=\"176\" class=\"alignnone size-medium wp-image-11510\" src=\"https:\/\/tvsensor.com\/wp-content\/uploads\/2019\/07\/FB_IMG_1562306369777-300x176.jpg\" alt=\"\" srcset=\"https:\/\/tvsensor.com\/wp-content\/uploads\/2019\/07\/FB_IMG_1562306369777-300x176.jpg 300w, https:\/\/tvsensor.com\/wp-content\/uploads\/2019\/07\/FB_IMG_1562306369777-768x452.jpg 768w, https:\/\/tvsensor.com\/wp-content\/uploads\/2019\/07\/FB_IMG_1562306369777-750x441.jpg 750w, https:\/\/tvsensor.com\/wp-content\/uploads\/2019\/07\/FB_IMG_1562306369777.jpg 918w\" sizes=\"auto, (max-width: 300px) 100vw, 300px\" \/><\/p>\n<p>Grupa Ehli Iman do sada ima objavljena dva albuma pod nazivima &#8220;Pomen Tvoga imena&#8221; i &#8220;U jednoj halci&#8221;, previjenac uspjeha i rada je novi album &#8220;\u010cuvam jedan selam za te&#8221;.<\/p>\n<p><img loading=\"lazy\" decoding=\"async\" width=\"300\" height=\"246\" class=\"alignnone size-medium wp-image-11513\" src=\"https:\/\/tvsensor.com\/wp-content\/uploads\/2019\/07\/FB_IMG_1562306466285-300x246.jpg\" alt=\"\" srcset=\"https:\/\/tvsensor.com\/wp-content\/uploads\/2019\/07\/FB_IMG_1562306466285-300x246.jpg 300w, https:\/\/tvsensor.com\/wp-content\/uploads\/2019\/07\/FB_IMG_1562306466285-768x629.jpg 768w, https:\/\/tvsensor.com\/wp-content\/uploads\/2019\/07\/FB_IMG_1562306466285-750x614.jpg 750w, https:\/\/tvsensor.com\/wp-content\/uploads\/2019\/07\/FB_IMG_1562306466285.jpg 960w\" sizes=\"auto, (max-width: 300px) 100vw, 300px\" \/><\/p>\n<p>&#8220;Julske no\u0107i&#8221; naziv su nove kaside grupe Ehli Iman koja je u audio verziji i video editu ugledala svjetlo dana u ponedjeljak, 01. jula 2019. godine.<\/p>\n<p>&#8220;Julske no\u0107i&#8221; su jedna od numera koje se nalaze na novom albumu grupe Ehli Iman koji nosi naziv &#8220;\u010cuvam jedan selam za te&#8221;.<\/p>\n<p><img loading=\"lazy\" decoding=\"async\" width=\"300\" height=\"281\" class=\"alignnone size-medium wp-image-11514\" src=\"https:\/\/tvsensor.com\/wp-content\/uploads\/2019\/07\/FB_IMG_1562306182082-300x281.jpg\" alt=\"\" srcset=\"https:\/\/tvsensor.com\/wp-content\/uploads\/2019\/07\/FB_IMG_1562306182082-300x281.jpg 300w, https:\/\/tvsensor.com\/wp-content\/uploads\/2019\/07\/FB_IMG_1562306182082-768x720.jpg 768w, https:\/\/tvsensor.com\/wp-content\/uploads\/2019\/07\/FB_IMG_1562306182082-1024x959.jpg 1024w, https:\/\/tvsensor.com\/wp-content\/uploads\/2019\/07\/FB_IMG_1562306182082-750x703.jpg 750w, https:\/\/tvsensor.com\/wp-content\/uploads\/2019\/07\/FB_IMG_1562306182082.jpg 1078w\" sizes=\"auto, (max-width: 300px) 100vw, 300px\" \/><\/p>\n<p>&#8220;Juli mjesec do te godine bio je ispunjen ljepotom, vedrinom, osmijehom a od te godine postade tu\u017ean, krvlju zaprljan i sjetan za svakog pre\u017eivjelog, bolan bolje re\u010deno. Juli je mjesec opomene, mjesec kada svaki Bo\u0161njak potvr\u0111uje svoj identitet u skru\u0161enom stajanju nad tabutom i kaburom s dovom da se nikada ne desi i ne zaboravi ta godina&#8221;, za tvsensor.com kazao je Kemal Pand\u017ea.<\/p>\n<p>Tekst za kasidu Julske no\u0107i napisao je D\u017eevad Ibrahimovi\u0107, muziku Idriz Hasanovi\u0107, a aran\u017eman Eldin Huseinbegovi\u0107, Ned\u017ead Grbi\u0107 i Idriz Hasanovi\u0107.<\/p>\n","protected":false},"excerpt":{"rendered":"<p>Grupa Ehli Iman osnovana je 2015. godine u cilju predstavljanja autorskih bosanskih ilahija i kasida. Grupa se sastoji od \u010detiri \u010dlana: Ned\u017ead Grbi\u0107 (Prnjavor), Idriz Hasanovi\u0107 (Zagreb), Kemal Pand\u017ea (Prnjavor) i Izet Mustafi\u0107 (Gra\u010danica). Grupa Ehli Iman do sada ima objavljena dva albuma pod nazivima &#8220;Pomen Tvoga imena&#8221; i &#8220;U jednoj halci&#8221;, previjenac uspjeha i [&hellip;]<\/p>\n","protected":false},"author":7,"featured_media":11511,"comment_status":"open","ping_status":"closed","sticky":false,"template":"","format":"standard","meta":{"inline_featured_image":false,"footnotes":""},"categories":[58,57],"tags":[],"class_list":{"0":"post-11509","1":"post","2":"type-post","3":"status-publish","4":"format-standard","5":"has-post-thumbnail","7":"category-muzika-magazin","8":"category-religija"},"acf":[],"_links":{"self":[{"href":"https:\/\/tvsensor.com\/api\/wp\/v2\/posts\/11509","targetHints":{"allow":["GET"]}}],"collection":[{"href":"https:\/\/tvsensor.com\/api\/wp\/v2\/posts"}],"about":[{"href":"https:\/\/tvsensor.com\/api\/wp\/v2\/types\/post"}],"author":[{"embeddable":true,"href":"https:\/\/tvsensor.com\/api\/wp\/v2\/users\/7"}],"replies":[{"embeddable":true,"href":"https:\/\/tvsensor.com\/api\/wp\/v2\/comments?post=11509"}],"version-history":[{"count":1,"href":"https:\/\/tvsensor.com\/api\/wp\/v2\/posts\/11509\/revisions"}],"predecessor-version":[{"id":11515,"href":"https:\/\/tvsensor.com\/api\/wp\/v2\/posts\/11509\/revisions\/11515"}],"wp:featuredmedia":[{"embeddable":true,"href":"https:\/\/tvsensor.com\/api\/wp\/v2\/media\/11511"}],"wp:attachment":[{"href":"https:\/\/tvsensor.com\/api\/wp\/v2\/media?parent=11509"}],"wp:term":[{"taxonomy":"category","embeddable":true,"href":"https:\/\/tvsensor.com\/api\/wp\/v2\/categories?post=11509"},{"taxonomy":"post_tag","embeddable":true,"href":"https:\/\/tvsensor.com\/api\/wp\/v2\/tags?post=11509"}],"curies":[{"name":"wp","href":"https:\/\/api.w.org\/{rel}","templated":true}]}}