{"id":11191,"date":"2019-06-29T09:30:06","date_gmt":"2019-06-29T09:30:06","guid":{"rendered":"https:\/\/senzor.ba\/?p=11191"},"modified":"2024-01-15T21:46:42","modified_gmt":"2024-01-15T20:46:42","slug":"11191-2","status":"publish","type":"post","link":"https:\/\/tvsensor.com\/clanak\/11191-2\/","title":{"rendered":"El\u010di Ibrahim-pa\u0161a: Miroljubivi namjesnik i travni\u010dki vakif"},"content":{"rendered":"<p>Travnik, grad u srcu Bosne, prvi put se spominje 1463. godine za vrijeme osmanskih pohoda na Bosnu, ta\u010dnije pri prolasku sultana Mehmeda II Fatiha za Jajce. Me\u0111utim, tvr\u0111ava iznad dana\u0161njeg Travnika sagra\u0111ena je mnogo ranije, a narodne predaje osnivanje travni\u010dke tvr\u0111ave ve\u017eu za vrijeme vladavine bosanskog kralja Tvrtka II. U osmanskom periodu Travnik je bio mjesto gdje su stolovali bosanski veziri te od tog vremena nosi i naziv Vezirski grad. Od po\u010detka 18. stolje\u0107a pa sve do 1851. godine, Travnik je bio mjesto iz kojeg su namjesnici upravljali Bosnom. Travni\u010dka tvr\u0111ava imala je sredi\u0161te koje se razvijalo od srednjeg vijeka, preko osmanskog, austro-ugarskog doba, da bi na koncu rezultiralo dana\u0161njim gradom Travnikom. Alija Bejti\u0107 navodi da se Travnik posebno razvijao u razdoblju u kojem je bio sjedi\u0161te bosanskih namjesnika te da su razvoju najvi\u0161e doprinijeli sami namjesnici, koji su u Travniku izgradili brojne objekte. Jedna od zna\u010dajnih li\u010dnosti iz vremena osmanske uprave Bosnom je i travni\u010dki vakif, namjesnik Bosne El\u010di Ibrahim-pa\u0161a. El\u010di Ibrahim-pa\u0161a bio je bosanski namjesnik u periodu od 1704. do 1705. godine.<\/p>\n<p>Iako je u Travniku boravio vreoma kratko, uspio je postati najve\u0107i vakif i graditelj u Travniku. Mujezinovi\u0107 je mi\u0161ljenja da je El\u010di Ibrahim-pa\u0161a rodom iz Gr\u010dke, s otoka Argiboza. Kne\u017eevi\u0107 navodi da je Ibrahim-pa\u0161a iz Te\u0161nja. Ima i onih koji su stava da je ovaj bosanski namjesnik rodom iz Travnika. Me\u0111utim, op\u0107eprihva\u0107en je stav o njegovom gr\u010dkom porijeklu. Nadimak El\u010di dobiva zbog svoje miroljubivosti, el\u010di je rije\u010d turskog porijekla koja u prevodu zna\u010di mirotvorac. El\u010di Ibrahim-pa\u0161a je izgradio mno\u0161tvo objekata te sve zabilje\u017eio u svojoj vakufnami izdatoj 28. marta 1706. godine. U vakufnami stoji da je doti\u010dni pa\u0161a sagradio medresu, tekiju i mekteba u Osoj mahali u Travniku te da je za njihovo odr\u017eavanje uvakufio Han na Ba\u0161\u010dar\u0161iji, berbernicu s od\u017eakom, du\u0107ane, nalbantski du\u0107an, pekaru, sve u sklopu pomenutog hana. Tako\u0111er, El\u010di Ibrahim-pa\u0161a uvakufio je i sjenar, pet mesarskih du\u0107ana i klaonicu u Donjoj \u010dar\u0161iji i Tabhanu, a sve najamnine i prihode namijenio za izdr\u017eavanje medrese, tekije i mekteba.<\/p>\n<p>Me\u0111u brojnim objektima koje je uvakufio, najzna\u010dajnije i najpoznatije zdanje koje je podigao El\u010di Ibrahim-pa\u0161a jeste medresa u Travniku. Medresa u sredi\u0161njem dijelu Travnika izgra\u0111ena je do 1706. godine. Me\u0111utim, prvobitna gra\u0111evina nije o\u010duvana. Naime, medresa iz 1706. godine sru\u0161ena je 1892. godine, prilikom izgradnje pruge kroz Travnik, ali je austrougarska vlast u to doba, kao nadoknadu za ru\u0161enje te zgrade, sagradila u periodu od 1892 do 1895. godine zgradu dana\u0161nje El\u010di Ibrahim-pa\u0161ine medrese. U vezirskom gradu Travniku u osmanskom periodu izgra\u0111ene su tri medrese. Najstarija podignuta medresa je upravo El\u010di Ibrahim-pa\u0161ina i jedina je do danas ostala u upotrebi. Prva poznata du\u017enost El\u010di Ibrahim-pa\u0161e je du\u017enost rizni\u010dara u dvoru sadri-azama Kara Ibrahim-pa\u0161e, koju je obavljao od 1684. godine. Pored namjesni\u0161tva u Bosni, du\u017enost valije El\u010di Ibrahim-pa\u0161a obavljao je u Temi\u0161varu, Jonji, Sofiji. Po zavr\u0161etku namjesni\u0161tva u Bosni, odlazi u rodni Argiboz, a potom postaje muhafiz u Beogradu. Upravljanje tvr\u0111avom u Beogradu posljednja je du\u017enost koju je obavljao ovaj miroljubivi pa\u0161a. El\u010di Ibrahim-pa\u0161a, sin Osmanov, umro je 1708. Godine u Beogradu. Predpostavlja se da je sahranjen u haremu d\u017eamije sultana Sulejmana.<\/p>\n<p><strong>Intelektualno.com<\/strong><\/p>\n","protected":false},"excerpt":{"rendered":"<p>Travnik, grad u srcu Bosne, prvi put se spominje 1463. godine za vrijeme osmanskih pohoda na Bosnu, ta\u010dnije pri prolasku sultana Mehmeda II Fatiha za Jajce. Me\u0111utim, tvr\u0111ava iznad dana\u0161njeg Travnika sagra\u0111ena je mnogo ranije, a narodne predaje osnivanje travni\u010dke tvr\u0111ave ve\u017eu za vrijeme vladavine bosanskog kralja Tvrtka II. U osmanskom periodu Travnik je bio [&hellip;]<\/p>\n","protected":false},"author":59,"featured_media":11192,"comment_status":"open","ping_status":"closed","sticky":false,"template":"","format":"standard","meta":{"inline_featured_image":false,"footnotes":""},"categories":[47],"tags":[],"class_list":{"0":"post-11191","1":"post","2":"type-post","3":"status-publish","4":"format-standard","5":"has-post-thumbnail","7":"category-historija"},"acf":[],"_links":{"self":[{"href":"https:\/\/tvsensor.com\/api\/wp\/v2\/posts\/11191","targetHints":{"allow":["GET"]}}],"collection":[{"href":"https:\/\/tvsensor.com\/api\/wp\/v2\/posts"}],"about":[{"href":"https:\/\/tvsensor.com\/api\/wp\/v2\/types\/post"}],"author":[{"embeddable":true,"href":"https:\/\/tvsensor.com\/api\/wp\/v2\/users\/59"}],"replies":[{"embeddable":true,"href":"https:\/\/tvsensor.com\/api\/wp\/v2\/comments?post=11191"}],"version-history":[{"count":2,"href":"https:\/\/tvsensor.com\/api\/wp\/v2\/posts\/11191\/revisions"}],"predecessor-version":[{"id":11194,"href":"https:\/\/tvsensor.com\/api\/wp\/v2\/posts\/11191\/revisions\/11194"}],"wp:featuredmedia":[{"embeddable":true,"href":"https:\/\/tvsensor.com\/api\/wp\/v2\/media\/11192"}],"wp:attachment":[{"href":"https:\/\/tvsensor.com\/api\/wp\/v2\/media?parent=11191"}],"wp:term":[{"taxonomy":"category","embeddable":true,"href":"https:\/\/tvsensor.com\/api\/wp\/v2\/categories?post=11191"},{"taxonomy":"post_tag","embeddable":true,"href":"https:\/\/tvsensor.com\/api\/wp\/v2\/tags?post=11191"}],"curies":[{"name":"wp","href":"https:\/\/api.w.org\/{rel}","templated":true}]}}