{"id":10747,"date":"2019-06-17T09:20:33","date_gmt":"2019-06-17T09:20:33","guid":{"rendered":"https:\/\/senzor.ba\/?p=10747"},"modified":"2024-01-15T21:46:59","modified_gmt":"2024-01-15T20:46:59","slug":"obiljezena-27-godisnjica-masakra-nad-bosnjacima-u-mjestu-sokolina","status":"publish","type":"post","link":"https:\/\/tvsensor.com\/clanak\/obiljezena-27-godisnjica-masakra-nad-bosnjacima-u-mjestu-sokolina\/","title":{"rendered":"Obilje\u017eena 27. godi\u0161njica masakra nad Bo\u0161njacima u mjestu Sokolina"},"content":{"rendered":"<p>U mjestu Sokolina, kod Ilija\u0161a danas je obilje\u017eena jo\u0161 jedna tu\u017ena godi\u0161njica otkako je<br \/>\nagresor, prije 27 godina u autobusu svirepo ubio 48 Bo\u0161njaka iz naselja Ahatovi\u0107i,<br \/>\nDobro\u0161evi\u0107i i Bojnik i stradanja 18 \u0161ehida i poginulih boraca Armije RBiH, koji su u<br \/>\npoku\u0161aju proboja prema slobodnoj teritoriji poginuli na brdu Ranova\u010da.<\/p>\n<p>Elvir Jahi\u0107 iz Ahatovi\u0107a imao je tek 19 godina kada su ga kom\u0161ije Srbi, zajedno sa jo\u0161 55<br \/>\nkom\u0161ija Bo\u0161njaka zarobili i odveli u logor u Rajlovcu, gdje je pre\u017eivio 14 dana te\u0161kih tortura,<br \/>\nmu\u010denja, poni\u017eavanja i i\u017eivljavanja, jedan je od rijetkih koji su samo Bo\u017eijom voljom<br \/>\npre\u017eivjeli zlo\u010din koji se desio u mjestu Sokolina.<\/p>\n<p>Elvir je i ovog 14. juna, do\u0161ao na mjesto zlo\u010dina kako bi prou\u010dio Fatihu ubjenim kom\u0161ijama.<br \/>\n\u201eNakon 27 godina ponovo smo na ovome mjestu, gdje se dogodio jedan, nadasve gnusni i<br \/>\nzvjerski \u010din nad nevinim ljudima, a kojeg su po\u010dinile na\u0161e doju\u010dera\u0161nje kom\u0161ije i prijatelji<br \/>\nDamjanovi\u0107i, Koprivice, Hrkalovi\u0107i i ostali sa kojima smo \u017eivjeli u slozi sve dok nismo<br \/>\nnapadnuti iz pravca Rajlovca, Ilija\u0161a i drugih lokaliteta, a nakon \u0161est dana zarobljeni i<br \/>\nodvedeni u logor u Rajlovac\u201c, zapo\u010dinje svoju tu\u017enu pri\u010du Elvir Jahi\u0107, stopostotni invalid.<br \/>\nUpravo na dana\u0161nji dan 1992. godine, neprijateljske snage naredile su mje\u0161tanima navedenih<br \/>\nnaselja, koji su bili zarobljeni u logoru u Rajlovcu, da u\u0111u u autobus koji ih je navodno,<br \/>\ntrebao odvesti na razmjenu. Ali, tada je neprijatelj, umjesto na razmjenu, 56 nenaoru\u017eanih<br \/>\nlogora\u0161a odvezao u Sokolinu, a po dolasku u Sokolinu naredili su im da legnu na pod<br \/>\nautobusa, a onda su autobus zasuli granatama, bombama i rafalima. Od 56 zarobljenika osam<br \/>\nih je pre\u017eivjelo, od kojih je jedan u me\u0111uvremenu preminuo, a ostali su \u017eivi svjedoci<br \/>\nstravi\u010dnog \u017elo\u010dina.<\/p>\n<p>\u201eNakon \u0161to su napustili autobus, zlo\u010dinci su ubrzo zatim ispalili tri projektila, potom su u<br \/>\nautobus ubacili na desetine bombi, a nakon toga nastavili su rafalnu paljbu po raskomadanim<br \/>\ntijelima. Na sve strane letjeli su\u00a0 komadi ljudskih tijela, geleri, meci. Tada sam po drugi put<br \/>\nte\u0161ko ranjen. Imao sam sre\u0107u da pre\u017eivim\u201c, sje\u0107a se Elvir.<\/p>\n<p>Nekako je, ka\u017ee, uspio dopuzati do obli\u017enjeg potoka, gdje su ga prona\u0161li mje\u0161tani okolnih<br \/>\nsela, koji su uspjeli izvu\u0107i i tijela ubijenih i spasiti ih od zlo\u010dinaca koji su se kasnije vratili na<br \/>\nmjesto zlo\u010dina sa najmerom da ih zapale i na taj na\u010din prikriju zlo\u010din.<br \/>\nUbijenim Bo\u0161njacima u Sokolini podignuto je spomen-obilje\u017eje, Op\u0107ina Novi Grad ogradila<br \/>\nje mjesto stradanja, natkrila i reparirala autobus u kojem su mje\u0161tani novogradskih naselja<br \/>\ndovezeni i ubijeni, kako bi ga za\u0161titila od daljeg propadanja.<\/p>\n<p>Na mjestu ovog te\u0161kog zlo\u010dina danas su se okupile brojene delegacije, \u010dlanovi porodica,<br \/>\nsaborci i kom\u0161ije ubijenih mjestana Ahatovi\u0107a, Dobro\u0161evi\u0107a i Bojnika, bora\u010dkih udru\u017eenj, te<br \/>\nu\u010denici Osnovne \u0161kole \u201eMustafa Busulad\u017ei\u0107\u201c iz Dobro\u0161evi\u0107a. Polo\u017eeno je cvije\u0107e i prou\u010dena<br \/>\nFatiha nevino ubijenim gra\u0111anima.<\/p>\n<p>Prisutnima se, izme\u0111u ostalih, obratio i na\u010delnik Op\u0107ine Novi Grad Sarajevo Semir Efendi\u0107<br \/>\nkoji je kazao da je masakr koji se dogodio na ovom mjestu jedan od najstravi\u010dnijih zlo\u010dina<br \/>\nkoji se desio stanovnicima op\u0107ine Novi Grad u proteklom ratu.<\/p>\n<p>\u201eBilo je puno svirepih doga\u0111aja \u0161irom BiH, ali ovo je jedan od primjera kakva mr\u017enja mo\u017ee<br \/>\nda bude u ljudima i kako mogu postupiti prema drugim ljudima. To je ne\u0161to nad \u010dime se treba<br \/>\nzamisliti. Treba razmisliti \u0161ta je uzrok da nekoga toliko mrzite da ste spremni u\u010diniti takvu<br \/>\nstvar. Poznato je da je Vojska RS osu\u0111ena za ne\u0161to \u0161to se zove genocid ili poku\u0161aj istrebljenja<br \/>\njednog naroda, u ovom slu\u010daju Bo\u0161njaka muslimana. Dio toga je ovo \u0161to se desilo ovdje.<br \/>\nPosebno je potresno to da su to prve kom\u0161ije koje su poznavale svoje \u017ertve\u201c, kazao je<br \/>\nna\u010delnik Efendi\u0107.<\/p>\n<p>Nakon polaganja cvije\u0107a i u\u010denja Fatihe kod spomen-obilje\u017eja Sokolina, brojne delegacije<br \/>\nodale su po\u010dast i \u017ertvama ubijenim u masovnoj grobnici u selu Ravne i na brdu Ranova\u010da,<br \/>\ngdje je 2. juna 1992. poginulo 18 boraca Armije RBiH.<\/p>\n","protected":false},"excerpt":{"rendered":"<p>U mjestu Sokolina, kod Ilija\u0161a danas je obilje\u017eena jo\u0161 jedna tu\u017ena godi\u0161njica otkako je agresor, prije 27 godina u autobusu svirepo ubio 48 Bo\u0161njaka iz naselja Ahatovi\u0107i, Dobro\u0161evi\u0107i i Bojnik i stradanja 18 \u0161ehida i poginulih boraca Armije RBiH, koji su u poku\u0161aju proboja prema slobodnoj teritoriji poginuli na brdu Ranova\u010da. Elvir Jahi\u0107 iz Ahatovi\u0107a [&hellip;]<\/p>\n","protected":false},"author":59,"featured_media":10748,"comment_status":"open","ping_status":"closed","sticky":false,"template":"","format":"standard","meta":{"inline_featured_image":false,"footnotes":""},"categories":[38],"tags":[],"class_list":{"0":"post-10747","1":"post","2":"type-post","3":"status-publish","4":"format-standard","5":"has-post-thumbnail","7":"category-vijesti-iz-bih"},"acf":[],"_links":{"self":[{"href":"https:\/\/tvsensor.com\/api\/wp\/v2\/posts\/10747","targetHints":{"allow":["GET"]}}],"collection":[{"href":"https:\/\/tvsensor.com\/api\/wp\/v2\/posts"}],"about":[{"href":"https:\/\/tvsensor.com\/api\/wp\/v2\/types\/post"}],"author":[{"embeddable":true,"href":"https:\/\/tvsensor.com\/api\/wp\/v2\/users\/59"}],"replies":[{"embeddable":true,"href":"https:\/\/tvsensor.com\/api\/wp\/v2\/comments?post=10747"}],"version-history":[{"count":1,"href":"https:\/\/tvsensor.com\/api\/wp\/v2\/posts\/10747\/revisions"}],"predecessor-version":[{"id":10749,"href":"https:\/\/tvsensor.com\/api\/wp\/v2\/posts\/10747\/revisions\/10749"}],"wp:featuredmedia":[{"embeddable":true,"href":"https:\/\/tvsensor.com\/api\/wp\/v2\/media\/10748"}],"wp:attachment":[{"href":"https:\/\/tvsensor.com\/api\/wp\/v2\/media?parent=10747"}],"wp:term":[{"taxonomy":"category","embeddable":true,"href":"https:\/\/tvsensor.com\/api\/wp\/v2\/categories?post=10747"},{"taxonomy":"post_tag","embeddable":true,"href":"https:\/\/tvsensor.com\/api\/wp\/v2\/tags?post=10747"}],"curies":[{"name":"wp","href":"https:\/\/api.w.org\/{rel}","templated":true}]}}