{"id":10734,"date":"2019-06-16T10:37:12","date_gmt":"2019-06-16T10:37:12","guid":{"rendered":"https:\/\/senzor.ba\/?p=10734"},"modified":"2024-01-15T21:47:00","modified_gmt":"2024-01-15T20:47:00","slug":"nihad-mujakovic-od-rodenja-slijep-ali-pokazuje-da-je-volja-jaca-od-poteskoca","status":"publish","type":"post","link":"https:\/\/tvsensor.com\/clanak\/nihad-mujakovic-od-rodenja-slijep-ali-pokazuje-da-je-volja-jaca-od-poteskoca\/","title":{"rendered":"Nihad Mujakovi\u0107, od ro\u0111enja slijep, ali pokazuje da je volja ja\u010da od pote\u0161ko\u0107a"},"content":{"rendered":"<p>Nihad Mujakovi\u0107 je osoba kojoj je ro\u0111enjem dijagnosticirano stopostotno sljepilo. Odrastao s majkom i dvojicom bra\u0107e. Majci je bilo posebno te\u0161ko prihvatiti \u010dinjenicu da je njen sin slijepa osoba, ali on nije \u017eelio odustati. Jo\u0161 je u najranijem dobu \u017eivota sebi rekao da je to ne\u0161to \u0161to on mora i \u017eeli pobijediti.<\/p>\n<p>-Od malih\u00a0sam\u00a0nogu\u00a0shvatio da moram i ja poduzeti ne\u0161to za sebe, naravno, uz savjetovanje Centra za socijalni rad. U Sarajevu je postojala \u0161kola za slijepu i slabovidnu djecu, u koju se kre\u0107e sa sedam godina, a koja je imala internatski smje\u0161taj i u njoj je bilo \u0161kolovanje djece iz cijele Bosne i Hercegovine. Oti\u0161ao sam 1983. pa sam do rata 1992. godine zavr\u0161io 1. razred srednje \u0161kole. Poslije ratnih de\u0161avanja sam se ponovo vratio do 1997. godine i zavr\u0161io smjer KV telefoniste &#8211; rekao je Mujakovi\u0107 u razgovoru s novinarkom Anadolu Agency (AA).<\/p>\n<p>U osnovno\u0161kolskim i srednjo\u0161kolskim danima, u Centru za slijepu i slabovidnu djecu i omladinu u Sarajevu je odlu\u010dio da \u0107e raditi na sebi, na svojoj motivaciji, ali i biti motivacija drugima.<\/p>\n<p>-Jedanaest godina sam bio odvojen od porodice i nije me pla\u0161ilo ni\u0161ta. \u010covjek za jedanaest godina uzreli, shvati da nema prepreke koju ne mo\u017ee savladati, uz pomo\u0107, naravno, nekih ljudi koji su tu uvijek uz tebe &#8211; kazao je Mujakovi\u0107.<\/p>\n<p>Prve radne korake Mujakovi\u0107 je na\u010dinio na Radiju Te\u0161anj. Godine 1998. je, vrativ\u0161i se u svoj rodni grad, pokrenuo emisiju koja je bila od koristi osobama koje se nose sa invaliditetom kao i on.<\/p>\n<p>-Jedna od mojih prvih aktivnosti je bila pokretanje emisije za osobe sa invaliditetom. Gospo\u0111a Emina Ajanovi\u0107, tada\u0161nja direktorica Radija Te\u0161anj, je prepoznala da ja, kao osoba sa invaliditetom, mogu raditi neke poslove \u0161to se ti\u010de radija. Prva emisija je bila Braj u kojoj smo obra\u0111ivali sve teme za osobe sa invaliditetom, a ne samo za slijepa lica. Bile su tu emisije sportskog karaktera, ali i kulturno-zabavni program. Moram kazati da je u to vrijeme TO\u0160K, te\u0161anjski nogometni klub, bio u Premijer ligi, tako da smo svakodnevno u\u017eivo imali program gdje smo moj kolega Senad Durkali\u0107 i ja zajedni\u010dki radili &#8211; naglasio je Mujakovi\u0107.<\/p>\n<p>Nihad je danas uposlenik u Op\u0107ini Te\u0161anj. Potcrtao je kako podr\u0161ka od kolega nije izostala.\u00a0 Tako\u0111er, on je i predsjednik Sindikalne organizacije Op\u0107ine Te\u0161anj. Izabralo ga je 90-ak kolega, uposlenika Op\u0107ine Te\u0161anj, da bude njihov predstavnik.<\/p>\n<p>-Kad me je moj kolega Ned\u017ead Unki\u0107 predlo\u017eio da budem predsjednik Sindikata, vjerujte da nakon \u0161to sam ve\u0107 proveo deset godina u radnoj organizaciji, barem koliko ja znam i koliko su mi moji prijatelji rekli, nijednog negativnog komentara nisam dobio: &#8216;Eh, \u0161to \u0107e slijepa osoba biti na\u0161 predvodnik, za\u0161to mi to ne bismo preuzeli&#8217;, i sve je to zbog raznoraznih poku\u0161aja razbijanja predrasuda. Imam kolektiv koji stoji iza mene kada je u pitanju moj rad u Op\u0107ini Te\u0161anj, ali i kada je u pitanju \u010delo Sindikata &#8211; istakao je Mujakovi\u0107.<\/p>\n<p>Nihad Mujakovi\u0107 je\u00a0dru\u0161tveno aktivan. \u017deli biti od pomo\u0107i svima, a posebno onima koji se nose s istim teretom kao i on. Obna\u0161a i funkciju predsjednika Udru\u017eenja slijepih gra\u0111ana Te\u0161anj.<\/p>\n<p>-Jedan od zadataka Centra za socijalni rad, ali jedan i od mojih zadataka kroz Udru\u017eenje slijepih gra\u0111ana Te\u0161anj, koje \u010dini op\u0107ine Te\u0161anj, Doboj-Jug, Usora i Maglaj, jest i otkrivanje ranog sljepila kod djece uz pomo\u0107 roditelja, lokalne organizacije i uz pomo\u0107 Udru\u017eenja, tako da tu djecu \u0161aljemo na \u0161kolovanje u Sarajevo. Nakon toga, na\u0161 zadatak je da im poma\u017eemo pri zapo\u0161ljavanju &#8211; rekao je Mujakovi\u0107.<\/p>\n<p>Udru\u017eenje slijepih gra\u0111ana Te\u0161anj, na \u010delu s predsjednikom Mujakovi\u0107em, ve\u0107 16. godinu zaredom organizira Me\u0111unarodni turnir u goalballu, sportu za slijepe osobe, na koji dolaze takmi\u010dari iz Bosne i Hercegovine, Srbije, Hrvatske, Makedonije, Bugarske, Crne Gore, Turske, Rumunije itd.<\/p>\n<p>-Goalball je igra za slijepa lica koja se igra sa zvu\u010dnom loptom na \u0161irini gola od 9 metara. Ekipu na terenu \u010dine tri osobe i svako je zadu\u017een za prostor od 3 metra oko sebe. Prilikom izba\u010daja lopte, ona mora i\u0107i po zemlji da bi je protivni\u010dki igra\u010d \u010duo. Jedini smo u Bosni i Hercegovini, uz pomo\u0107 Op\u0107ine Te\u0161anj koja nas svake godine uvrsti u okviru manifestacije Te\u0161anjsko prolje\u0107e, koji imamo jednu dugogodi\u0161nju tradiciju &#8211; naglasio je Mujakovi\u0107, dodav\u0161i kako se pripremaju za uzvratnu posjetu kolegama iz Ni\u0161a koji 28. juna organiziraju svoj turnir u goalballu, ali i potcrtav\u0161i kako je va\u017ena aktivnost, sport, ali i neodustajanje.<\/p>\n<p>Danas Nihad Mujakovi\u0107, pored svakodnevnog posla u Op\u0107ini Te\u0161anj te u Udru\u017eenju slijepih gra\u0111ana Te\u0161anj, ima vlastiti radio pod nazivom Radio NIM. Pokrenut je u saradnji s njegovim kolegom Miralemom Mulabdi\u0107em 2013. godine. Radio je, kako ka\u017ee, njegova velika ljubav.<\/p>\n<p>-\u017delio sam u \u017eivotu imati ne\u0161to svoje. Naravno, nije bitan ni profit, niti novac, to je jednostavno ono \u0161to \u010dovjeka ispunjava. Nekoga knjiga, nekoga \u0161ah, a mene radio &#8211; rekao je Mujakovi\u0107.<\/p>\n<p>-Sve se mo\u017ee kad se ho\u0107e. Prva stvar je da \u010dovjek u svojoj glavi postavi neke stvari na svoje mjesto, da shvati\u0161 ko si, \u0161ta si i kolike su tvoje mogu\u0107nosti, \u0161ta ti to sve mo\u017ee\u0161, da se pomiri\u0161 s onim \u0161to ne mo\u017ee\u0161 jer mnogo ti je lak\u0161e do\u0107i do onoga \u0161to mo\u017ee\u0161, a sigurno mo\u017ee\u0161, bilo da si sam ili uz pomo\u0107 onih koji vide &#8211; rekao je Mujakovi\u0107, naglasiv\u0161i da bez porodice, supruge, sina i k\u0107erke, ne bi mogao ni\u0161ta. Porodica stoji kao temelj, osnova i vodilja za sve u njegovom \u017eivotu.<\/p>\n","protected":false},"excerpt":{"rendered":"<p>Nihad Mujakovi\u0107 je osoba kojoj je ro\u0111enjem dijagnosticirano stopostotno sljepilo. Odrastao s majkom i dvojicom bra\u0107e. Majci je bilo posebno te\u0161ko prihvatiti \u010dinjenicu da je njen sin slijepa osoba, ali on nije \u017eelio odustati. Jo\u0161 je u najranijem dobu \u017eivota sebi rekao da je to ne\u0161to \u0161to on mora i \u017eeli pobijediti. -Od malih\u00a0sam\u00a0nogu\u00a0shvatio da [&hellip;]<\/p>\n","protected":false},"author":59,"featured_media":10735,"comment_status":"open","ping_status":"closed","sticky":false,"template":"","format":"standard","meta":{"inline_featured_image":false,"footnotes":""},"categories":[69],"tags":[],"class_list":{"0":"post-10734","1":"post","2":"type-post","3":"status-publish","4":"format-standard","5":"has-post-thumbnail","7":"category-ponos-bih"},"acf":[],"_links":{"self":[{"href":"https:\/\/tvsensor.com\/api\/wp\/v2\/posts\/10734","targetHints":{"allow":["GET"]}}],"collection":[{"href":"https:\/\/tvsensor.com\/api\/wp\/v2\/posts"}],"about":[{"href":"https:\/\/tvsensor.com\/api\/wp\/v2\/types\/post"}],"author":[{"embeddable":true,"href":"https:\/\/tvsensor.com\/api\/wp\/v2\/users\/59"}],"replies":[{"embeddable":true,"href":"https:\/\/tvsensor.com\/api\/wp\/v2\/comments?post=10734"}],"version-history":[{"count":1,"href":"https:\/\/tvsensor.com\/api\/wp\/v2\/posts\/10734\/revisions"}],"predecessor-version":[{"id":10736,"href":"https:\/\/tvsensor.com\/api\/wp\/v2\/posts\/10734\/revisions\/10736"}],"wp:featuredmedia":[{"embeddable":true,"href":"https:\/\/tvsensor.com\/api\/wp\/v2\/media\/10735"}],"wp:attachment":[{"href":"https:\/\/tvsensor.com\/api\/wp\/v2\/media?parent=10734"}],"wp:term":[{"taxonomy":"category","embeddable":true,"href":"https:\/\/tvsensor.com\/api\/wp\/v2\/categories?post=10734"},{"taxonomy":"post_tag","embeddable":true,"href":"https:\/\/tvsensor.com\/api\/wp\/v2\/tags?post=10734"}],"curies":[{"name":"wp","href":"https:\/\/api.w.org\/{rel}","templated":true}]}}