{"id":10726,"date":"2019-06-16T10:27:31","date_gmt":"2019-06-16T10:27:31","guid":{"rendered":"https:\/\/senzor.ba\/?p=10726"},"modified":"2024-01-15T21:47:00","modified_gmt":"2024-01-15T20:47:00","slug":"biscani-najavili-velike-proteste-zbog-migranata","status":"publish","type":"post","link":"https:\/\/tvsensor.com\/clanak\/biscani-najavili-velike-proteste-zbog-migranata\/","title":{"rendered":"Bi\u0161\u0107ani najavili velike proteste zbog migranata"},"content":{"rendered":"<p class=\"story-lead\">Gra\u0111ani Biha\u0107a najavili su za danas velike proteste usljed naru\u0161ene bezbjednosne i zdravstvene situacije u gradu zbog migranata, te ignorantskog odnosa nadle\u017enih institucija na nivou BiH.<\/p>\n<p>Bi\u0161\u0107ani su putem dru\u0161tvenih mre\u017ea najavili proteste na gradskom trgu, iako skup nije najavljen Policijskoj upravi u Biha\u0107u, prenose mediji.<\/p>\n<p>Skoro 500 migranata premje\u0161teno je prethodnih dana iz Biha\u0107a na lokaciju Vu\u010djak i tom prilikom su lak\u0161e povrije\u0111ena \u010detiri policajca.<\/p>\n<p>Ministar unutra\u0161njih poslova Unsko-sanskog kantona Nermin Kljaji\u0107 rekao je da su \u010detiri policijska slu\u017ebenika lak\u0161e povrije\u0111ena, te da je jedan migrant prilikom izmje\u0161tanja ugrizao policajca.<\/p>\n<p>On je naveo da je bilo poku\u0161aja migranata da se vrate u Biha\u0107, ali da su te grupe presretnute i vra\u0107ene na Vu\u010djak.<\/p>\n","protected":false},"excerpt":{"rendered":"<p>Gra\u0111ani Biha\u0107a najavili su za danas velike proteste usljed naru\u0161ene bezbjednosne i zdravstvene situacije u gradu zbog migranata, te ignorantskog odnosa nadle\u017enih institucija na nivou BiH. Bi\u0161\u0107ani su putem dru\u0161tvenih mre\u017ea najavili proteste na gradskom trgu, iako skup nije najavljen Policijskoj upravi u Biha\u0107u, prenose mediji. Skoro 500 migranata premje\u0161teno je prethodnih dana iz Biha\u0107a [&hellip;]<\/p>\n","protected":false},"author":59,"featured_media":10729,"comment_status":"open","ping_status":"closed","sticky":false,"template":"","format":"standard","meta":{"inline_featured_image":false,"footnotes":""},"categories":[38],"tags":[],"class_list":{"0":"post-10726","1":"post","2":"type-post","3":"status-publish","4":"format-standard","5":"has-post-thumbnail","7":"category-vijesti-iz-bih"},"acf":[],"_links":{"self":[{"href":"https:\/\/tvsensor.com\/api\/wp\/v2\/posts\/10726","targetHints":{"allow":["GET"]}}],"collection":[{"href":"https:\/\/tvsensor.com\/api\/wp\/v2\/posts"}],"about":[{"href":"https:\/\/tvsensor.com\/api\/wp\/v2\/types\/post"}],"author":[{"embeddable":true,"href":"https:\/\/tvsensor.com\/api\/wp\/v2\/users\/59"}],"replies":[{"embeddable":true,"href":"https:\/\/tvsensor.com\/api\/wp\/v2\/comments?post=10726"}],"version-history":[{"count":1,"href":"https:\/\/tvsensor.com\/api\/wp\/v2\/posts\/10726\/revisions"}],"predecessor-version":[{"id":10730,"href":"https:\/\/tvsensor.com\/api\/wp\/v2\/posts\/10726\/revisions\/10730"}],"wp:featuredmedia":[{"embeddable":true,"href":"https:\/\/tvsensor.com\/api\/wp\/v2\/media\/10729"}],"wp:attachment":[{"href":"https:\/\/tvsensor.com\/api\/wp\/v2\/media?parent=10726"}],"wp:term":[{"taxonomy":"category","embeddable":true,"href":"https:\/\/tvsensor.com\/api\/wp\/v2\/categories?post=10726"},{"taxonomy":"post_tag","embeddable":true,"href":"https:\/\/tvsensor.com\/api\/wp\/v2\/tags?post=10726"}],"curies":[{"name":"wp","href":"https:\/\/api.w.org\/{rel}","templated":true}]}}