{"id":10717,"date":"2019-06-16T10:21:40","date_gmt":"2019-06-16T10:21:40","guid":{"rendered":"https:\/\/senzor.ba\/?p=10717"},"modified":"2024-01-15T21:47:01","modified_gmt":"2024-01-15T20:47:01","slug":"mmf-najveci-problemi-zapadnog-balkana-nedostatak-kapitala-i-mala-zaposlenost","status":"publish","type":"post","link":"https:\/\/tvsensor.com\/clanak\/mmf-najveci-problemi-zapadnog-balkana-nedostatak-kapitala-i-mala-zaposlenost\/","title":{"rendered":"MMF: Najve\u0107i problemi zapadnog Balkana nedostatak kapitala i mala zaposlenost"},"content":{"rendered":"<p>Najve\u0107i problemi zemalja regiona Zapadnog Balkana su nedostatak kapitala i niska zaposlenost, rekao je\u00a0vi\u0161i regionalni predstavnik Me\u0111unarodnog monetarnog fonda za centralnu i isto\u010dnu Evropu Nadim Ilahi.<\/p>\n<p>On je, govore\u0107i o stabilnosti finansija i ekonomskom rastu na Samitu ministara finansija, guvernera i direktora poreskih uprava u Be\u010di\u0107ima, rekao da je potrebno prije svega unaprediti i poslovno okru\u017eenje jer su Ma\u0111arska, Poljska i Slova\u010dka postigle uspeh zahvaljuju\u0107i tome.<\/p>\n<p><strong>&#8220;Veliko ograni\u010denje regiona Zapadnog Balkana je slaba infrastruktura \u0161to odbija investitore da ula\u017eu jer su lo\u0161i putevi i ima mnogo grani\u010dnih prelaza&#8221;,<\/strong>\u00a0rekao je Ilahi.<\/p>\n<p>Dodao je da je &#8220;klju\u010dno pitanje regiona \u0161to prolazi kroz demografske promjene i \u0161to se smanjuje radno aktivno stanovni\u0161tvo zbog manjeg prira\u0161taja i iseljavanja mladog i obrazovanog stanovni\u0161tva, a \u0161to negativno uti\u010de da privredni rast&#8221;.<\/p>\n<p>\u010clan Predsjedni\u0161tva Saveza ekonomista Srbije i biv\u0161i ministar finansija Srbije Du\u0161an Vujovi\u0107 istakao je da &#8220;region zapadnog Balkana raste br\u017ee nego zemlje evrozone ali da taj rast nije zasnovan na faktorima koji su odr\u017eivi na du\u017ei rok&#8221;.<\/p>\n<p>On je rekao da su ostvarene &#8220;neke rezerve, ali ih ne treba olako tro\u0161iti ve\u0107 ih treba pove\u0107avati za lo\u0161a vremena&#8221;.<\/p>\n<p>\u010clan Fiskalnog savjeta Srbije Vladimir Vu\u010dkovi\u0107 kazao je da je Srbija pro\u0161la put od najgoreg stanja do toga da po ne\u010demu postane dobar primjer.<\/p>\n<p><strong>&#8220;Srbija je uspela da obezbedi makroekonomsku stabilnost i imala sre\u0107e da na medjunarodnom tr\u017ei\u0161tu ima obilje kapitala po niskim kamatama, a da su investitori prihvatili rizike \u0161to je dalo pozitivne rezultate&#8221;<\/strong>, rekao je Vu\u010dkovi\u0107.<\/p>\n<p>Istakao je da je makroekonomska stabilnost va\u017ean preduslov ali ne i dovoljan za privredni rast.<\/p>\n<p>On je rekao da je Srbiji potreban privredni rast ve\u0107i od tri odsto i da su potrebne investicije koje to obezbe\u0111uju.<\/p>\n<p><strong>&#8220;Ne treba sipati novac na ulep\u0161avanje gradova, kada se ne ula\u017ee dovoljno u komunalnu infrastrukturu, za\u0161titu \u017eivotne sredine ve\u0107 treba ulagati u ono \u0161to omogu\u0107ava privredni rast&#8221;,<\/strong>\u00a0rekao je Vu\u010dkovi\u0107.<\/p>\n<p>Istakao je da je investitorima va\u017enije kakav je trend rasta spoljnjeg duga nego koliko je visok.<\/p>\n<p><strong>&#8220;Bolje je kada je spoljni dug visok, ali sa tendencijom pada, nego ako je manji, ali sa tendencijom rasta&#8221;<\/strong>, rekao je Vu\u010dkovi\u0107.<\/p>\n<p>Razlozi zbog kojih mladi ljudi emigriraju iz zemalja, zajedni\u010dkom imenom zovu se, kako je rekao, lo\u0161e upravljanje dr\u017eavom a u to spada nivo korupcije, vladavine prava i drugi uslovi.<\/p>\n<p>Direktor korporativnih poslova i komunikacija kompanije Japan tobako interne\u0161enel (JTI) za zapadni Balkan Goran Pekez kazao je da su poja\u010dana saradnja dr\u017eavnih organa u regionu Zapadnog Balkana, poja\u010dana kontrola i akcizna politika uskladjena sa kupovinom mo\u0107i stanovni\u0161tva preduslovi za predvidive dr\u017eavne prihode, kao i za smanjenje nelegalne trgovine duvanom.<\/p>\n<p><strong>&#8220;Duvanska industrija je jedan od najve\u0107ih poreskih obveznika u regionu, samo je JTI platio porez u regionu vi\u0161e od 606 miliona evra&#8221;<\/strong>, rekao je Pekez.<\/p>\n<p>U zemljama zapadnog Balkana duvanska Industrija, prema njegovim rije\u010dima, \u010dini 11 odsto ukupnih bud\u017eetskih prihoda.<\/p>\n<p>Svi regionalni kandidati za \u010dlanstvo u EU imaju kako je rekao izgra\u0111enu praksu akciznih kalendara i veoma je va\u017eno pridr\u017eavati se toga.<\/p>\n<p><strong>&#8220;Tako se vodi ra\u010duna o kupovnoj mo\u0107i stanovni\u0161tva i spre\u010dava rast ilegalne trgovine&#8221;<\/strong>, rekao je Pekez.<\/p>\n<p>Kazao je da je Bosna i Hercegovina podigla akcizu sa 28 evra na 1.000 cigareta u 2010. godini na 90 evra na 1.000 cigareta u 2018. godini \u0161to je pove\u0107alo ilegalnu trgovinu sa \u0161est na vi\u0161e od 50 odsto.<\/p>\n<p><strong>&#8220;Takav porast akciza i cijena duvanskih proizvoda bio je prevelik teret za potro\u0161a\u010de pa su se okrenuli ilegalno tr\u017ei\u0161tu&#8221;<\/strong>, rekao je Pekez i apelovao na jo\u0161 ve\u0107u saradnju vlada regiona na suzbijanju sive ekonomije na tr\u017ei\u0161tu duvanskih proizvoda.<\/p>\n","protected":false},"excerpt":{"rendered":"<p>Najve\u0107i problemi zemalja regiona Zapadnog Balkana su nedostatak kapitala i niska zaposlenost, rekao je\u00a0vi\u0161i regionalni predstavnik Me\u0111unarodnog monetarnog fonda za centralnu i isto\u010dnu Evropu Nadim Ilahi. On je, govore\u0107i o stabilnosti finansija i ekonomskom rastu na Samitu ministara finansija, guvernera i direktora poreskih uprava u Be\u010di\u0107ima, rekao da je potrebno prije svega unaprediti i poslovno [&hellip;]<\/p>\n","protected":false},"author":59,"featured_media":10720,"comment_status":"open","ping_status":"closed","sticky":false,"template":"","format":"standard","meta":{"inline_featured_image":false,"footnotes":""},"categories":[42],"tags":[],"class_list":{"0":"post-10717","1":"post","2":"type-post","3":"status-publish","4":"format-standard","5":"has-post-thumbnail","7":"category-ekonomija"},"acf":[],"_links":{"self":[{"href":"https:\/\/tvsensor.com\/api\/wp\/v2\/posts\/10717","targetHints":{"allow":["GET"]}}],"collection":[{"href":"https:\/\/tvsensor.com\/api\/wp\/v2\/posts"}],"about":[{"href":"https:\/\/tvsensor.com\/api\/wp\/v2\/types\/post"}],"author":[{"embeddable":true,"href":"https:\/\/tvsensor.com\/api\/wp\/v2\/users\/59"}],"replies":[{"embeddable":true,"href":"https:\/\/tvsensor.com\/api\/wp\/v2\/comments?post=10717"}],"version-history":[{"count":1,"href":"https:\/\/tvsensor.com\/api\/wp\/v2\/posts\/10717\/revisions"}],"predecessor-version":[{"id":10721,"href":"https:\/\/tvsensor.com\/api\/wp\/v2\/posts\/10717\/revisions\/10721"}],"wp:featuredmedia":[{"embeddable":true,"href":"https:\/\/tvsensor.com\/api\/wp\/v2\/media\/10720"}],"wp:attachment":[{"href":"https:\/\/tvsensor.com\/api\/wp\/v2\/media?parent=10717"}],"wp:term":[{"taxonomy":"category","embeddable":true,"href":"https:\/\/tvsensor.com\/api\/wp\/v2\/categories?post=10717"},{"taxonomy":"post_tag","embeddable":true,"href":"https:\/\/tvsensor.com\/api\/wp\/v2\/tags?post=10717"}],"curies":[{"name":"wp","href":"https:\/\/api.w.org\/{rel}","templated":true}]}}