{"id":10708,"date":"2019-06-16T10:10:35","date_gmt":"2019-06-16T10:10:35","guid":{"rendered":"https:\/\/senzor.ba\/?p=10708"},"modified":"2024-01-15T21:47:01","modified_gmt":"2024-01-15T20:47:01","slug":"cvijanovic-o-teroristima-u-bih-dovoljan-je-jedan-da-pobije-stotine-ljudi","status":"publish","type":"post","link":"https:\/\/tvsensor.com\/clanak\/cvijanovic-o-teroristima-u-bih-dovoljan-je-jedan-da-pobije-stotine-ljudi\/","title":{"rendered":"Cvijanovi\u0107 o &#8221;teroristima u BiH&#8221;: Dovoljan je jedan da pobije stotine ljudi"},"content":{"rendered":"<p class=\"story-lead\">Predsjednica manjeg bh. entiteta \u017deljka Cvijanovi\u0107 izjavila je da veoma zabrinjava &#8221;porast islamskog radikalizma u BiH&#8221; i da je apsurdno \u0161to se tim pitanjem, kao i povratkom sa stranih rati\u0161ta ne bavi niko od stranih diplomata u BiH.<\/p>\n<p>Cvijanovi\u0107eva je istakla da ti krugovi me\u0111unarodne zajednice zatvaraju o\u010di na prijetnju.<\/p>\n<p><strong>&#8220;Mi imamo jasan zakon u BiH &#8211; onaj koji ide na strana rati\u0161ta mora biti strogo ka\u017enjen, a imamo slu\u010dajeve ljudi koji su ratovali na strani terorista koji dobijaju blage kazne, kao da su i\u0161li raditi negdje na bau\u0161telu, a ne ubijati i terorisati ljudi&#8221;, rekla je Cvijanovi\u0107eva za &#8220;Ve\u010dernji list&#8221;<\/strong>, izdanje za BiH.<\/p>\n<p>Ona je kazala da je svaki teroristi\u010dki napad koji je izveden u svijetu na neki na\u010din povezan sa BiH bilo da je rije\u010d o oru\u017eju ili dokumentima, te navela primjer New Yorka i Madrida.<\/p>\n<p>Cvijanovi\u0107eva je napomenula da je teroristi\u010dkih napada bilo i u RS-u i u FBiH, te da je od nekoliko ambasadora zapadnih zemalja, kada ih je pitala \u0161ta misle o tim teroristima, dobila odgovor da, gledano prema postotku u odnosu na broj stanovnika, to nije veliki broj.<\/p>\n<p><strong>&#8220;Zamislite tako stupidan odgovor. Umjesto da ka\u017eu kako \u0107emo zajedni\u010dki rije\u0161iti taj problem. Dovoljan je samo jedan takav da pobije stotine ljudi. A kad neko danas javno govori o tome, Bo\u0161njaci ga napadnu. To je velika sramota, jer mi ne govorimo o narodu, ve\u0107 o teroristima koji nam svima mogu nanijeti zlo&#8221;,<\/strong>rekla je Cvijanovi\u0107eva.<\/p>\n<p>Ona je istakla i da je zabrinjava problem sa migrantima, jer osim bezbjednosne, predstavljaju i zdravstvenu prijetnju, a ovdje nema uslova za njihovo zbrinjavanje.<\/p>\n","protected":false},"excerpt":{"rendered":"<p>Predsjednica manjeg bh. entiteta \u017deljka Cvijanovi\u0107 izjavila je da veoma zabrinjava &#8221;porast islamskog radikalizma u BiH&#8221; i da je apsurdno \u0161to se tim pitanjem, kao i povratkom sa stranih rati\u0161ta ne bavi niko od stranih diplomata u BiH. Cvijanovi\u0107eva je istakla da ti krugovi me\u0111unarodne zajednice zatvaraju o\u010di na prijetnju. &#8220;Mi imamo jasan zakon u [&hellip;]<\/p>\n","protected":false},"author":59,"featured_media":10712,"comment_status":"open","ping_status":"closed","sticky":false,"template":"","format":"standard","meta":{"inline_featured_image":false,"footnotes":""},"categories":[38],"tags":[],"class_list":{"0":"post-10708","1":"post","2":"type-post","3":"status-publish","4":"format-standard","5":"has-post-thumbnail","7":"category-vijesti-iz-bih"},"acf":[],"_links":{"self":[{"href":"https:\/\/tvsensor.com\/api\/wp\/v2\/posts\/10708","targetHints":{"allow":["GET"]}}],"collection":[{"href":"https:\/\/tvsensor.com\/api\/wp\/v2\/posts"}],"about":[{"href":"https:\/\/tvsensor.com\/api\/wp\/v2\/types\/post"}],"author":[{"embeddable":true,"href":"https:\/\/tvsensor.com\/api\/wp\/v2\/users\/59"}],"replies":[{"embeddable":true,"href":"https:\/\/tvsensor.com\/api\/wp\/v2\/comments?post=10708"}],"version-history":[{"count":1,"href":"https:\/\/tvsensor.com\/api\/wp\/v2\/posts\/10708\/revisions"}],"predecessor-version":[{"id":10713,"href":"https:\/\/tvsensor.com\/api\/wp\/v2\/posts\/10708\/revisions\/10713"}],"wp:featuredmedia":[{"embeddable":true,"href":"https:\/\/tvsensor.com\/api\/wp\/v2\/media\/10712"}],"wp:attachment":[{"href":"https:\/\/tvsensor.com\/api\/wp\/v2\/media?parent=10708"}],"wp:term":[{"taxonomy":"category","embeddable":true,"href":"https:\/\/tvsensor.com\/api\/wp\/v2\/categories?post=10708"},{"taxonomy":"post_tag","embeddable":true,"href":"https:\/\/tvsensor.com\/api\/wp\/v2\/tags?post=10708"}],"curies":[{"name":"wp","href":"https:\/\/api.w.org\/{rel}","templated":true}]}}