{"id":10706,"date":"2019-06-16T10:06:25","date_gmt":"2019-06-16T10:06:25","guid":{"rendered":"https:\/\/senzor.ba\/?p=10706"},"modified":"2024-01-15T21:47:01","modified_gmt":"2024-01-15T20:47:01","slug":"dzaferovic-nakon-dodikovog-susreta-s-kineskim-ambasadorom-krsenje-zakona","status":"publish","type":"post","link":"https:\/\/tvsensor.com\/clanak\/dzaferovic-nakon-dodikovog-susreta-s-kineskim-ambasadorom-krsenje-zakona\/","title":{"rendered":"D\u017eaferovi\u0107 nakon Dodikovog susreta s kineskim ambasadorom: Kr\u0161enje zakona"},"content":{"rendered":"<p class=\"story-lead\">\u0160efik D\u017eaferovi\u0107, \u010dlan Predsjedni\u0161tva Bosne i Hercegovine iz bo\u0161nja\u010dkog naroda, kazao je da tokom sastanka predsjedavaju\u0107eg ove institucije Milorada Dodika s ambasadorom Narodne Republike Kine u Bosni i Hercegovini Ji Pingom &#8221;nisu bila istaknuta obilje\u017eja Bosne i Hercegovine&#8221;.<\/p>\n<p>On je poru\u010dio da se radi o kr\u0161enju zakona uputiv\u0161i poziv diplomatama u BiH da &#8221;ne nasjedaju na ovakvu praksu&#8221;.<\/p>\n<p><strong>&#8221;Ovo je nastavak novouspostavljene prakse kr\u0161enja Zakona o zastavi Bosne i Hercegovine, kao i odredbi Ustava Bosne i Hercegovine, sa svim posljedicama koju takve radnje i postupci nose. Ponavljaju\u0107i ovu praksu nepo\u0161tivanja dr\u017eavnih obilje\u017eja na sastancima sa ambasadorima pojedinih zemalja akreditiranih u na\u0161oj zemlji, nanosi se \u0161teta vanjskopoliti\u010dkim interesima Bosne i Hercegovine i vrije\u0111aju se njeni gra\u0111ani&#8221;,<\/strong>\u00a0naglasio je D\u017eaferovi\u0107.<\/p>\n<p><img decoding=\"async\" class=\"alignnone size-medium\" src=\"https:\/\/ba.n1info.com\/Picture\/247753\/jpeg\/14062019-2.jpg\" \/><\/p>\n<p><strong>&#8221;Pozivam strane diplomate akreditirane u Bosni i Hercegovini da ne nasjedaju na ovakvu praksu, te da po\u0161tuju zakone ove zemlje&#8221;,<\/strong>\u00a0saop\u0107eno je iz njegovog kabineta.<\/p>\n<p>Kako je ranije saop\u0107eno iz Predsjedni\u0161tva, Dodik i kineski ambasador razgovarali su o politi\u010dkim i ekonomskim temama u vezi s BiH i regijom.<\/p>\n","protected":false},"excerpt":{"rendered":"<p>\u0160efik D\u017eaferovi\u0107, \u010dlan Predsjedni\u0161tva Bosne i Hercegovine iz bo\u0161nja\u010dkog naroda, kazao je da tokom sastanka predsjedavaju\u0107eg ove institucije Milorada Dodika s ambasadorom Narodne Republike Kine u Bosni i Hercegovini Ji Pingom &#8221;nisu bila istaknuta obilje\u017eja Bosne i Hercegovine&#8221;. On je poru\u010dio da se radi o kr\u0161enju zakona uputiv\u0161i poziv diplomatama u BiH da &#8221;ne nasjedaju [&hellip;]<\/p>\n","protected":false},"author":59,"featured_media":10709,"comment_status":"open","ping_status":"closed","sticky":false,"template":"","format":"standard","meta":{"inline_featured_image":false,"footnotes":""},"categories":[38],"tags":[],"class_list":{"0":"post-10706","1":"post","2":"type-post","3":"status-publish","4":"format-standard","5":"has-post-thumbnail","7":"category-vijesti-iz-bih"},"acf":[],"_links":{"self":[{"href":"https:\/\/tvsensor.com\/api\/wp\/v2\/posts\/10706","targetHints":{"allow":["GET"]}}],"collection":[{"href":"https:\/\/tvsensor.com\/api\/wp\/v2\/posts"}],"about":[{"href":"https:\/\/tvsensor.com\/api\/wp\/v2\/types\/post"}],"author":[{"embeddable":true,"href":"https:\/\/tvsensor.com\/api\/wp\/v2\/users\/59"}],"replies":[{"embeddable":true,"href":"https:\/\/tvsensor.com\/api\/wp\/v2\/comments?post=10706"}],"version-history":[{"count":1,"href":"https:\/\/tvsensor.com\/api\/wp\/v2\/posts\/10706\/revisions"}],"predecessor-version":[{"id":10710,"href":"https:\/\/tvsensor.com\/api\/wp\/v2\/posts\/10706\/revisions\/10710"}],"wp:featuredmedia":[{"embeddable":true,"href":"https:\/\/tvsensor.com\/api\/wp\/v2\/media\/10709"}],"wp:attachment":[{"href":"https:\/\/tvsensor.com\/api\/wp\/v2\/media?parent=10706"}],"wp:term":[{"taxonomy":"category","embeddable":true,"href":"https:\/\/tvsensor.com\/api\/wp\/v2\/categories?post=10706"},{"taxonomy":"post_tag","embeddable":true,"href":"https:\/\/tvsensor.com\/api\/wp\/v2\/tags?post=10706"}],"curies":[{"name":"wp","href":"https:\/\/api.w.org\/{rel}","templated":true}]}}