{"id":10703,"date":"2019-06-16T10:01:23","date_gmt":"2019-06-16T10:01:23","guid":{"rendered":"https:\/\/senzor.ba\/?p=10703"},"modified":"2024-01-15T21:47:01","modified_gmt":"2024-01-15T20:47:01","slug":"zvizdic-pozvao-dacica-da-ako-ne-razumije-bih-neka-barem-postuje-njenu-razlicitost","status":"publish","type":"post","link":"https:\/\/tvsensor.com\/clanak\/zvizdic-pozvao-dacica-da-ako-ne-razumije-bih-neka-barem-postuje-njenu-razlicitost\/","title":{"rendered":"Zvizdi\u0107 pozvao Da\u010di\u0107a da ako ne razumije BiH, neka barem po\u0161tuje njenu razli\u010ditost"},"content":{"rendered":"<p>Umjesto o\u010dekivanih dobrodusjednih poruka unapre\u0111enja ekonomske i dru\u0161tvene saradnje, me\u0111usobnog razumijevanja i izgradnje povjerenja na principima istine, pravde i tolerancije, danas smo od Ivice Da\u010di\u0107a, kao ministra vanjskih poslova Srbije, mogli \u010duti zlonamjerne poruke mr\u017enje i netrpeljivosti prema svemu \u0161to je bosanskohercegova\u010dko i bo\u0161nja\u010dko.<\/p>\n<p>Poru\u010dio je to predsjedavaju\u0107i Vije\u0107a ministara Bosne i Hercegovine Denis Zvizi\u0107, nakon \u0161to je srbijanski \u0161ef diplomatije poru\u010dio danas u Lakta\u0161ima na saboru SNSD-a da BiH nikada ne\u0107e biti muslimanka zemlja, optu\u017euju\u0107i Bo\u0161njake da imaju takve \u017eelje.<\/p>\n<p>Zvizdi\u0107 je rekao da je rije\u010d o \u0161ovinisti\u010dko-militaristi\u010dkoj izjavi, koja predstavlja besprizornu nadmenost i u \u010dijoj je osnovi zlokobna namjera da se u negativan kontekst stave Bo\u0161njaci, koje pau\u0161alno, la\u017eno i neargumentivano optu\u017euje da \u017eele \u201cmuslimansku BiH\u201d.<\/p>\n<p>\u201eU stvari, ovakav poku\u0161aj beskrupulozne diskreditacije civilizacijske, moralne i integrativne uloge Bo\u0161njaka u o\u010duvanju cjelovite, suverene i vi\u0161enacionalne Bosne i Hercegovine, je potaknut od recidiva ultra-nacionalisti\u010dke ideologije koja je utemeljena na mitomaniji i la\u017eima, a \u010diji je promotor i izvr\u0161ilac bio Slobodan Milo\u0161evi\u0107. Agresija na nezavisnu i me\u0111unarodno priznatu BiH, kao i aktuelno negiranje BiH i la\u017eno optu\u017eivanje Bo\u0161njaka, od strane njegovih sljedbenika su vrhunac takve politike\u201c, rekao je Zvizdi\u0107.<\/p>\n<p>Nikada se u historiji Bo\u0161njaka, rekao je Zvizdi\u0107, nije pojavio politi\u010dki ili bilo koji drugi pokret, namjera ili ideja u \u010dijoj osnovi nije posmatrana BiH kao vi\u0161enacionalno dru\u0161tvo ravnopravnih gra\u0111ana bez obzira na njihovu nacionalnu ili vjersku pripadnost.<\/p>\n<p>\u201eBiH je uvijek bila, jeste i osta\u0107e bosanskohercegova\u010dka i multikulturna, i na \u010ditavoj njenoj teritoriji je bilo, jeste i uvijek \u0107e biti mjesta za ezane i crkvena zvona, za d\u017eamije, crkve, katedrale i sinagoge\u201c, rekao je Zvizdi\u0107.<\/p>\n<p>Predsjedavaju\u0107i Vije\u0107a ministara BiH pozvao je politi\u010dke predstavnike susjeda BiH da bosanskohercegova\u010dko jedinstvo razli\u010ditosti, ako ne mogu razumjeti, kako je rekao, onda po\u0161tuju.<\/p>\n<p>\u201eBo\u0161njaci nikada nisu tra\u017eili &#8216;muslimansku&#8217; Bosnu. Naprotiv, Bo\u0161njaci, kao i svi drugi gra\u0111ani BiH, bosanski Srbi, bosanski Hrvati i svaki njen stanovnik \u017eele cjelovitu, jedinstvenu, demokratsku i evropsku BiH, kao multikulturno dru\u0161tvo jednakih \u0161ansi.<\/p>\n<p>Zato gospodine Da\u010di\u0107u, prestanite la\u017eno optu\u017eivati Bo\u0161njake. Pro\u0161lo je vrijeme oktroisanja, koloniziranja, vi\u0161edecenijske degradacije nacionalnog bi\u0107a i kulturne samobitnosti Bo\u0161njaka, i nikada se vi\u0161e ne\u0107e vratiti. \u00a0Bez obzira na subverzivne sktivnosti koje se provode protiv suvereniteta, integriteta i multinacionalnog bi\u0107a BiH, i uprkos &#8216;skrivenim namjerama&#8217; koje se izme\u0111u redova mogu i\u0161\u010ditati u ovoj bizarnoj izjavi, u BiH se ne\u0107e dogoditi dvije stvari: bosanskohercegova\u010dki entitet RS, bez obzira na etni\u010dko \u010di\u0161\u0107enje, po\u010dinjene zlo\u010dine i genocid, nikada ne\u0107e biti eksluzivno srpski, i taj isti entitet nikada ne\u0107e postati &#8216;zapadna Srbija&#8217;, kako to o\u010dito neki \u017eele i javno izjavljuju.\u201c<\/p>\n<p>Zvizdi\u0107 je zaklju\u010dio da zlurade i hu\u0161ka\u010dke izjave, poput, kako je rekao, dana\u0161nje izjave Ivice Da\u010di\u0107a, pozivaju na oprez i jedinstvo svih probosanskohercegova\u010dkih snaga.<\/p>\n","protected":false},"excerpt":{"rendered":"<p>Umjesto o\u010dekivanih dobrodusjednih poruka unapre\u0111enja ekonomske i dru\u0161tvene saradnje, me\u0111usobnog razumijevanja i izgradnje povjerenja na principima istine, pravde i tolerancije, danas smo od Ivice Da\u010di\u0107a, kao ministra vanjskih poslova Srbije, mogli \u010duti zlonamjerne poruke mr\u017enje i netrpeljivosti prema svemu \u0161to je bosanskohercegova\u010dko i bo\u0161nja\u010dko. Poru\u010dio je to predsjedavaju\u0107i Vije\u0107a ministara Bosne i Hercegovine Denis Zvizi\u0107, [&hellip;]<\/p>\n","protected":false},"author":59,"featured_media":10704,"comment_status":"open","ping_status":"closed","sticky":false,"template":"","format":"standard","meta":{"inline_featured_image":false,"footnotes":""},"categories":[38],"tags":[],"class_list":{"0":"post-10703","1":"post","2":"type-post","3":"status-publish","4":"format-standard","5":"has-post-thumbnail","7":"category-vijesti-iz-bih"},"acf":[],"_links":{"self":[{"href":"https:\/\/tvsensor.com\/api\/wp\/v2\/posts\/10703","targetHints":{"allow":["GET"]}}],"collection":[{"href":"https:\/\/tvsensor.com\/api\/wp\/v2\/posts"}],"about":[{"href":"https:\/\/tvsensor.com\/api\/wp\/v2\/types\/post"}],"author":[{"embeddable":true,"href":"https:\/\/tvsensor.com\/api\/wp\/v2\/users\/59"}],"replies":[{"embeddable":true,"href":"https:\/\/tvsensor.com\/api\/wp\/v2\/comments?post=10703"}],"version-history":[{"count":1,"href":"https:\/\/tvsensor.com\/api\/wp\/v2\/posts\/10703\/revisions"}],"predecessor-version":[{"id":10705,"href":"https:\/\/tvsensor.com\/api\/wp\/v2\/posts\/10703\/revisions\/10705"}],"wp:featuredmedia":[{"embeddable":true,"href":"https:\/\/tvsensor.com\/api\/wp\/v2\/media\/10704"}],"wp:attachment":[{"href":"https:\/\/tvsensor.com\/api\/wp\/v2\/media?parent=10703"}],"wp:term":[{"taxonomy":"category","embeddable":true,"href":"https:\/\/tvsensor.com\/api\/wp\/v2\/categories?post=10703"},{"taxonomy":"post_tag","embeddable":true,"href":"https:\/\/tvsensor.com\/api\/wp\/v2\/tags?post=10703"}],"curies":[{"name":"wp","href":"https:\/\/api.w.org\/{rel}","templated":true}]}}