{"id":10700,"date":"2019-06-16T09:59:04","date_gmt":"2019-06-16T09:59:04","guid":{"rendered":"https:\/\/senzor.ba\/?p=10700"},"modified":"2024-01-15T21:47:01","modified_gmt":"2024-01-15T20:47:01","slug":"zamislite-dacica-u-visegradu-bosna-nikada-nije-i-nece-biti-muslimanska","status":"publish","type":"post","link":"https:\/\/tvsensor.com\/clanak\/zamislite-dacica-u-visegradu-bosna-nikada-nije-i-nece-biti-muslimanska\/","title":{"rendered":"Zamislite Da\u010di\u0107a u Vi\u0161egradu: &#8216;Bosna nikada nije i ne\u0107e biti muslimanska&#8217;"},"content":{"rendered":"<p>Imao sam davno ideju za rubriku u kojoj bi svaki dan izjave nekih politi\u010dara i javnih li\u010dnosti stavljao u kontekst nekog drugog doga\u0111aja koji se desio istog dana samo na drugom mjestu. Mislio sam kako bi nam to pomoglo da sagledamo sva zna\u010denja te poruke i da je stavimo u tako potrebnu \u0161iru perspektivu. Isto sam planirao i sa doga\u0111ajima i postupcima. U me\u0111uvremenu je neko po\u010deo fotografije stradanja iz Sirije, i drugih strati\u0161ta i kriznih podru\u010dja smje\u0161tati u kontekst svakodnevnice zapadnih metropola. Svjestan sam svih mogu\u0107ih kontroverzi i neprimjerenosti, ali samo tako mo\u017eemo shvatiti sve razmjere i\u0161\u010da\u0161enosti realnosti koju \u017eivimo i na koju nas tjeraju da se naviknemo.<\/p>\n<p>Danas mi se samo nametnulo jedno takvo pore\u0111enje. Na portalu s kojeg uzimam vijesti jedna pored druge pojavile su mi se dvije vijesti, dva naslova: &#8220;Da\u010di\u0107 na saboru SNSD-a: BiH nije i nikada ne\u0107e biti muslimanska, kako to ho\u0107e Bo\u0161njaci\u201d i &#8220;S mosta Mehmed-pa\u0161e Sokolovi\u0107a u Drinu ba\u010deno 3.000 ru\u017ea: Sje\u0107anje na ubijene Vi\u0161egra\u0111ane\u201d.<\/p>\n<p>Hajde ti sad pa se ne zapitaj da li bi on ovo \u0161to je rekao dodvoravaju\u0107i se Dodiku i pripremaju\u0107i srbijansku i srpsku javnost na definitivno gubljenje Kosova ponovio i pred majkama i djecom nedu\u017eno umorenih civila u Vi\u0161egradu. Svi oni koji su ubijeni u ve\u0107inski muslimanskom i bo\u0161nja\u010dkom Vi\u0161egradu (1991. Muslimani su \u010dinili 63,54 posto stanovni\u0161tva) su pobijeni da bi bila stvorena RS i da bi Da\u010di\u0107 uz odu\u0161evljenje prisutnih i gromoglasne aplauze tvrdio kako svi ti gradovi \u0161irom Bosne pa i sama Banja Luka nikada nisu bili muslimanski. Oni koji su te zlo\u010dine, pa i genocid u Srebrenici, osmislili i po\u010dinili su upravo to tvrdili i dokazivali.<\/p>\n<p>Tamo gdje se to nije podudaralo sa realno\u0161\u0107u ona se ispravljala zlo\u010dinom. Da Bosna ne bi &#8220;bila muslimanska&#8221; i da bi se stvorili &#8220;srpski&#8221; a kasnije i &#8220;hrvatski&#8221; historijski prostori \u010dinjeni su zlo\u010dini koje bi sada zarad pomirenja trebali zaboraviti i prihvatiti novu realnost. Sad bih i ja valjda trebao prihvatiti da je moj rodni Kotor Varo\u0161 samo srpski i da u mojoj \u0161koli u Vrbanjcima nema mjesta za bosanski jezik. Zato su poru\u0161ene sve one silne d\u017eamije, zato je sru\u0161ena Ferhadija, Alad\u017ea i Arnaudija. Sve masovne grobnice i po\u010dinjeni urbicid su tu da bi Da\u010di\u0107 mogao re\u0107i da Bosna nikad nije bila muslimanska i da zaprijeti da ne\u0107e biti. Drugim rije\u010dima, ako bi se kojim slu\u010dajem desilo da se prognani vrate i da, kako je Dodik jednom rekao, &#8220;zaprijete Drini&#8221; znamo \u0161ta ih \u010deka.<\/p>\n<h4>Zemlja svih gra\u0111ana<\/h4>\n<p>Nikad niko u Bosni, barem relevantan nije rekao da je Bosna i Hercegovina samo muslimanska ili samo bo\u0161nja\u010dka, nego se do perverzije ponavlja ono da je ona svih njenih gra\u0111ana i podjednako i bo\u0161nja\u010dka, i srpska i hrvatska. Jer samo takva ne podrazumijeva progone, etni\u010dko \u010di\u0161\u0107enje, pa\u00a0 genocid, ili u najmanju ruku diskriminaciju i isklju\u010divanje onih koji zlo\u010dine pre\u017eive i odlu\u010de \u017eivjeti na zemlji svojih pradjedova na pogre\u0161noj strani. Zato Da\u010di\u0107eve poruke sa SNSD-ovog skupa posebno odjekuju u Vi\u0161egradu na mostu Mehmed-pa\u0161e Sokolovi\u0107a.<\/p>\n<p>Svjesni su mnogi u Bosni opasnosti da se nasjedanjem na ovakve provokacije Bosna i Hercegovina i region dr\u017ee dalje od evroatlantskih integracija i bli\u017ee ruskom utjecaju \u0161to je zada\u0107a trenutnih politi\u010dkih elita Srba s obje strane Drine.<\/p>\n<p>Jasno je i to da je njima o\u010dita namjera da se RS predstavi kao ne\u0161to na \u010demu \u0107e propale nacionalisti\u010dke srbijanske politike od Milo\u0161evi\u0107a, preko Ko\u0161tunice, \u0160e\u0161elja pa do Vu\u010di\u0107a kompenzirati sve svoje poraze. \u010cak u Bosni ima onih koji ka\u017eu da im to treba pustiti jer svi znaju da iza Kosova, kao \u0161to je posao skoro pa ve\u0107 zavr\u0161en u Makedoniji i Crnoj Gori, slijedi i Bosna i Hercegovina. I kao \u0161to ti neki tvrde da na ove izjave ne treba obra\u0107ati pa\u017enju i da treba Vu\u010di\u010du, Da\u010di\u0107u, Miletu pa i onom Vulinu i njima sli\u010dnima dati prostora da se ispu\u0161u, ima i onih koji znaju da su se kroz historiju kola vi\u0161e puta lomila na Bosni i da je Bosna i njen najbrojniji narod pla\u0107ao cijenu i bio moneta za potkusurivanje.<\/p>\n<h4>\u0160ovinisti\u010dke provokacije<\/h4>\n<p>Zato sam skromnog mi\u0161ljenja da bosanskohercegova\u010dka javnost, ali i zvani\u010dne politike preko ovih provokacija ne trebaju prelaziti olahko. Kao \u0161to olahko ne treba prelaziti preko \u0161ovinizma i uvreda koje u kontinuitetu izri\u010de vrhovni poglavar Srpske pravoslavne crkve. To posebno kada znamo koju ulogu SPC igra u srbijanskoj politici. Jer kako bi trebali razumjeti poruke poglavara ove vjerske zajednice, Irineja koji u svome sukobu sa dr\u017eavom Crnom Gorom ka\u017ee da su &#8220;njihove prizrenske kom\u0161ije&#8221; zato \u0161to su pre\u0161li na islam &#8220;izgubili sve iz srpskog naroda&#8221; i da je &#8220;poturica gori od Tur\u010dina&#8221;.<\/p>\n<p>Besmisleno je navoditi sve implikacije ove izjave, svu mr\u017enju prema islamu i muslimanima i kom\u0161ijama muslimanima koji su mjera zla\u2026 To je &#8220;eti\u010dka&#8221; i &#8220;moralna&#8221; podloga za genocidnu ideologiju. &#8220;Bosna nije bila i ne\u0107e biti muslimanska&#8221; je politi\u010dki program, a rezultat 3000 ru\u017ea ba\u010denih u Drinu dok i to ne uspiju zabraniti i preko raznih me\u0111unarodnih komisija ponovo ispisati historiju.<\/p>\n<p>Tada \u0107e greblje u Poto\u010darima biti samo jo\u0161 jedno &#8220;tursko groblje&#8221; i &#8220;mirna Bosna&#8221;.<\/p>\n<p>To \u0161to je ove uvrede izrekao &#8220;vrhovni vjerski autoritet crkve&#8221; ne \u010dini ih ispravnim nego naprotiv govori o moralnoj krizi ovih politika. A ove njegove izjave jo\u0161 jednom dokazuju i\u00a0 spomenuto iskustvo da i kada Srbi i Crnogorci ratuju opet stradaju muslimani i Bo\u0161njaci.<\/p>\n<p>Ako ovako govore politi\u010dki i vjerski zvani\u010dnici srpskog naroda u Bosni i Srbiji kako onda o\u010dekivati da oni osude ili zaustave kontinuirane napade na malobrojne povratnike u bosanskohercegova\u010dki entitet RS? Kako o\u010dekivati da oni osude morbidne plakate &#8220;No\u017e, \u017eica, Srebrenica&#8221; polijepljene samo koji dan ranije (11.i 12. juna) na Atik d\u017eamiji u Bijeljini, kojima se ne samo negira zlo\u010din genocida, veli\u010daju njegovi po\u010dinioci, priznaju njegovi rezultati nego i poziva ne nove zlo\u010dine po sada ve\u0107 artikulisanom genocidnom projektu?<\/p>\n<p>To nisu ispadi pojedinaca, to nisu incidenti, to je nakon govora Da\u010di\u0107a u Banja Luci i brojnih sli\u010dnih drugih zvani\u010dnika Republike Srbije i predstavnika nacionalisti\u010dkih opcija bosanskih Srba nacionalna politika koju vode vladaju\u0107i re\u017eimi u susjednoj dr\u017eavi i na jednom nivou vlasti u Bosni i Hercegovini. Znamo mi to, ali je vrijeme da se to i ka\u017ee i da se tako po\u010dnemo pona\u0161ati a ne da se od nas o\u010dekuje da zbog ve\u0107 sada zaboravljenog uslova EU &#8220;o regionalnoj saradnji&#8221; glumimo kao da imamo posla s ozbiljnim i civilizovanim politikama i politi\u010darima. Valjalo bi i da me\u0111unarodna zajednica shvati da se u Bosni i Hercegovini na ovo ne gleda kao na normalnu stvar i da nam to, jer smo svakako zava\u0111ena plemena, ne smeta. Naprotiv, suprotstavljanjem ovakvim politikama gradi se evropski put ne samo Bosne i Hercegovine, nego i Evrope.<\/p>\n<p><em>Pi\u0161e: Muhamed Jusi\u0107 za Al Jazeera<\/em><\/p>\n","protected":false},"excerpt":{"rendered":"<p>Imao sam davno ideju za rubriku u kojoj bi svaki dan izjave nekih politi\u010dara i javnih li\u010dnosti stavljao u kontekst nekog drugog doga\u0111aja koji se desio istog dana samo na drugom mjestu. Mislio sam kako bi nam to pomoglo da sagledamo sva zna\u010denja te poruke i da je stavimo u tako potrebnu \u0161iru perspektivu. Isto [&hellip;]<\/p>\n","protected":false},"author":59,"featured_media":10701,"comment_status":"open","ping_status":"closed","sticky":false,"template":"","format":"standard","meta":{"inline_featured_image":false,"footnotes":""},"categories":[76],"tags":[],"class_list":{"0":"post-10700","1":"post","2":"type-post","3":"status-publish","4":"format-standard","5":"has-post-thumbnail","7":"category-kolumne"},"acf":[],"_links":{"self":[{"href":"https:\/\/tvsensor.com\/api\/wp\/v2\/posts\/10700","targetHints":{"allow":["GET"]}}],"collection":[{"href":"https:\/\/tvsensor.com\/api\/wp\/v2\/posts"}],"about":[{"href":"https:\/\/tvsensor.com\/api\/wp\/v2\/types\/post"}],"author":[{"embeddable":true,"href":"https:\/\/tvsensor.com\/api\/wp\/v2\/users\/59"}],"replies":[{"embeddable":true,"href":"https:\/\/tvsensor.com\/api\/wp\/v2\/comments?post=10700"}],"version-history":[{"count":1,"href":"https:\/\/tvsensor.com\/api\/wp\/v2\/posts\/10700\/revisions"}],"predecessor-version":[{"id":10702,"href":"https:\/\/tvsensor.com\/api\/wp\/v2\/posts\/10700\/revisions\/10702"}],"wp:featuredmedia":[{"embeddable":true,"href":"https:\/\/tvsensor.com\/api\/wp\/v2\/media\/10701"}],"wp:attachment":[{"href":"https:\/\/tvsensor.com\/api\/wp\/v2\/media?parent=10700"}],"wp:term":[{"taxonomy":"category","embeddable":true,"href":"https:\/\/tvsensor.com\/api\/wp\/v2\/categories?post=10700"},{"taxonomy":"post_tag","embeddable":true,"href":"https:\/\/tvsensor.com\/api\/wp\/v2\/tags?post=10700"}],"curies":[{"name":"wp","href":"https:\/\/api.w.org\/{rel}","templated":true}]}}