{"id":10697,"date":"2019-06-16T09:55:49","date_gmt":"2019-06-16T09:55:49","guid":{"rendered":"https:\/\/senzor.ba\/?p=10697"},"modified":"2024-01-15T21:47:01","modified_gmt":"2024-01-15T20:47:01","slug":"dragan-mektic-dodik-nije-u-zatvoru-jer-je-pravosude-rak-rana-bosanskohercegovackog-drustva","status":"publish","type":"post","link":"https:\/\/tvsensor.com\/clanak\/dragan-mektic-dodik-nije-u-zatvoru-jer-je-pravosude-rak-rana-bosanskohercegovackog-drustva\/","title":{"rendered":"Dragan Mekti\u0107: Dodik nije u zatvoru jer je pravosu\u0111e rak-rana bosanskohercegova\u010dkog dru\u0161tva"},"content":{"rendered":"<p>Dr\u017eavni ministar sigurnosti Dragan Mekti\u0107 rekao je da bi Milorad Dodik ve\u0107 bio u zatvoru, ali to se nije desilo jer je pravosu\u0111e rak-rana bosanskohercegova\u010dkog dru\u0161tva.<\/p>\n<p>Mekti\u0107 je na taj na\u010din odgovorio \u0161efu Kluba zastupnika SNSD-a u Predstavni\u010dkom domu Parlamentarne skup\u0161tine BiH Sta\u0161i Ko\u0161arcu, koji je izjavio da je pravosu\u0111e u BiH rak-rana ove zemlje. Ko\u0161arac je optu\u017eio da postoji uticaj bo\u0161njaka na pravosudni sistem, kao i \u201edominantan uticaj stranaca.\u201c<\/p>\n<p>\u201eTa\u010dno, u pravu si, da nije rak rana Dodik bi ve\u0107 bio u zatvoru\u201c, napisao je Mekti\u0107 na Twitteru.<\/p>\n","protected":false},"excerpt":{"rendered":"<p>Dr\u017eavni ministar sigurnosti Dragan Mekti\u0107 rekao je da bi Milorad Dodik ve\u0107 bio u zatvoru, ali to se nije desilo jer je pravosu\u0111e rak-rana bosanskohercegova\u010dkog dru\u0161tva. Mekti\u0107 je na taj na\u010din odgovorio \u0161efu Kluba zastupnika SNSD-a u Predstavni\u010dkom domu Parlamentarne skup\u0161tine BiH Sta\u0161i Ko\u0161arcu, koji je izjavio da je pravosu\u0111e u BiH rak-rana ove zemlje. [&hellip;]<\/p>\n","protected":false},"author":59,"featured_media":10698,"comment_status":"open","ping_status":"closed","sticky":false,"template":"","format":"standard","meta":{"inline_featured_image":false,"footnotes":""},"categories":[43],"tags":[],"class_list":{"0":"post-10697","1":"post","2":"type-post","3":"status-publish","4":"format-standard","5":"has-post-thumbnail","7":"category-bih"},"acf":[],"_links":{"self":[{"href":"https:\/\/tvsensor.com\/api\/wp\/v2\/posts\/10697","targetHints":{"allow":["GET"]}}],"collection":[{"href":"https:\/\/tvsensor.com\/api\/wp\/v2\/posts"}],"about":[{"href":"https:\/\/tvsensor.com\/api\/wp\/v2\/types\/post"}],"author":[{"embeddable":true,"href":"https:\/\/tvsensor.com\/api\/wp\/v2\/users\/59"}],"replies":[{"embeddable":true,"href":"https:\/\/tvsensor.com\/api\/wp\/v2\/comments?post=10697"}],"version-history":[{"count":1,"href":"https:\/\/tvsensor.com\/api\/wp\/v2\/posts\/10697\/revisions"}],"predecessor-version":[{"id":10699,"href":"https:\/\/tvsensor.com\/api\/wp\/v2\/posts\/10697\/revisions\/10699"}],"wp:featuredmedia":[{"embeddable":true,"href":"https:\/\/tvsensor.com\/api\/wp\/v2\/media\/10698"}],"wp:attachment":[{"href":"https:\/\/tvsensor.com\/api\/wp\/v2\/media?parent=10697"}],"wp:term":[{"taxonomy":"category","embeddable":true,"href":"https:\/\/tvsensor.com\/api\/wp\/v2\/categories?post=10697"},{"taxonomy":"post_tag","embeddable":true,"href":"https:\/\/tvsensor.com\/api\/wp\/v2\/tags?post=10697"}],"curies":[{"name":"wp","href":"https:\/\/api.w.org\/{rel}","templated":true}]}}