{"id":10693,"date":"2019-06-15T12:34:44","date_gmt":"2019-06-15T12:34:44","guid":{"rendered":"https:\/\/senzor.ba\/?p=10693"},"modified":"2024-01-15T21:47:02","modified_gmt":"2024-01-15T20:47:02","slug":"od-15-juna-brzim-vozom-do-mora","status":"publish","type":"post","link":"https:\/\/tvsensor.com\/clanak\/od-15-juna-brzim-vozom-do-mora\/","title":{"rendered":"Od 15. juna brzim vozom do mora"},"content":{"rendered":"<p>Naime, do\u0107i \u0107e do promjene reda vo\u017enje brzog putni\u010dkog BH voza na relaciji Sarajevo &#8211; \u010capljina- Sarajevo i pro\u0161irenja putni\u010dke ponude na na\u010din da \u0107e putnici u tom periodu na stanici \u010capljina ostvarivati vezu na autobusku liniju za Neum, Makarsku i Split autobusima Autoherca d.o.o. Grude.<\/p>\n<p>Sezonski voz iz Sarajeva \u0107e polaziti svakog jutra u 07:15 sati, a u \u010capljinu \u0107e stizati u 09:32 sati. Iz \u010capljine voz \u0107e polaziti svaki dan u 19:25 sati, a u Sarajevo \u0107e stizati u 21:42 sati. Voz \u0107e se zaustavljati u stanicama Had\u017ei\u0107i, Konjic, Jablanica Grad, Mostar i \u017ditomisli\u0107i.<\/p>\n<p>Sa autobuske stanice \u010capljina autobus za Neum polazit \u0107e u 10:05 sati, a iz Neuma za \u010capljinu u 18:00 sati. Prihvat i iskrcaj putnika u Neumu bit \u0107e na stajali\u0161tu &#8220;Magistrala&#8221; na ulazu u Neum, sa magistralnog puta Opuzen-Neum.<\/p>\n<p>Ukupna cijena vozne karte (voz + autobus) Sarajevo-Neum u jednom pravcu iznosi 20,30 KM, a cijena povratne karte iznosi 33,30 KM. Rok va\u017eenja povratnih voznih i autobuskih karata je 15 dana.<\/p>\n<p>Sa autobuske stanice \u010capljina autobus za Makarsku i Split polazit \u0107e u 10:05\/10:10 sati. Putnici mogu silaziti na stajali\u0161tima Gradac, Zaostrog, Podace, Tu\u010depi. Ukupna cijena vozne karte za Makarsku je 29,30 KM, a za Split 34,30 KM. Povratak autobusima iz pravca Splita i Makarske nije obezbije\u0111en. Sve karte za voz i autobus kupuju se na prodajnim mjestima \u017deljeznica FBiH.<\/p>\n<p>Za grupe od 30 i vi\u0161e putnika, \u017deljeznice FBiH u saradnji sa Autohercom u mogu\u0107nosti su organizovati jednodnevne izlete iz Mostara i \u010capljine prema Blagaju, Po\u010ditelju i Kravicama. Zainteresirane grupe trebaju poslati zahtjev na\u00a0info@zfbh.ba.<\/p>\n","protected":false},"excerpt":{"rendered":"<p>Naime, do\u0107i \u0107e do promjene reda vo\u017enje brzog putni\u010dkog BH voza na relaciji Sarajevo &#8211; \u010capljina- Sarajevo i pro\u0161irenja putni\u010dke ponude na na\u010din da \u0107e putnici u tom periodu na stanici \u010capljina ostvarivati vezu na autobusku liniju za Neum, Makarsku i Split autobusima Autoherca d.o.o. Grude. Sezonski voz iz Sarajeva \u0107e polaziti svakog jutra u [&hellip;]<\/p>\n","protected":false},"author":59,"featured_media":10695,"comment_status":"open","ping_status":"closed","sticky":false,"template":"","format":"standard","meta":{"inline_featured_image":false,"footnotes":""},"categories":[38],"tags":[],"class_list":{"0":"post-10693","1":"post","2":"type-post","3":"status-publish","4":"format-standard","5":"has-post-thumbnail","7":"category-vijesti-iz-bih"},"acf":[],"_links":{"self":[{"href":"https:\/\/tvsensor.com\/api\/wp\/v2\/posts\/10693","targetHints":{"allow":["GET"]}}],"collection":[{"href":"https:\/\/tvsensor.com\/api\/wp\/v2\/posts"}],"about":[{"href":"https:\/\/tvsensor.com\/api\/wp\/v2\/types\/post"}],"author":[{"embeddable":true,"href":"https:\/\/tvsensor.com\/api\/wp\/v2\/users\/59"}],"replies":[{"embeddable":true,"href":"https:\/\/tvsensor.com\/api\/wp\/v2\/comments?post=10693"}],"version-history":[{"count":1,"href":"https:\/\/tvsensor.com\/api\/wp\/v2\/posts\/10693\/revisions"}],"predecessor-version":[{"id":10696,"href":"https:\/\/tvsensor.com\/api\/wp\/v2\/posts\/10693\/revisions\/10696"}],"wp:featuredmedia":[{"embeddable":true,"href":"https:\/\/tvsensor.com\/api\/wp\/v2\/media\/10695"}],"wp:attachment":[{"href":"https:\/\/tvsensor.com\/api\/wp\/v2\/media?parent=10693"}],"wp:term":[{"taxonomy":"category","embeddable":true,"href":"https:\/\/tvsensor.com\/api\/wp\/v2\/categories?post=10693"},{"taxonomy":"post_tag","embeddable":true,"href":"https:\/\/tvsensor.com\/api\/wp\/v2\/tags?post=10693"}],"curies":[{"name":"wp","href":"https:\/\/api.w.org\/{rel}","templated":true}]}}