{"id":10682,"date":"2019-06-15T12:01:21","date_gmt":"2019-06-15T12:01:21","guid":{"rendered":"https:\/\/senzor.ba\/?p=10682"},"modified":"2024-01-15T21:47:02","modified_gmt":"2024-01-15T20:47:02","slug":"kolekcionar-iz-sarajeva-osamnaestogodisnji-filip-sakuplja-predmete-iz-oba-svjetska-rata","status":"publish","type":"post","link":"https:\/\/tvsensor.com\/clanak\/kolekcionar-iz-sarajeva-osamnaestogodisnji-filip-sakuplja-predmete-iz-oba-svjetska-rata\/","title":{"rendered":"Kolekcionar iz Sarajeva: Osamnaestogodi\u0161nji Filip sakuplja predmete iz oba svjetska rata"},"content":{"rendered":"<p>Pisma, razglednice i vra\u0107anje u period od prije osam desetlje\u0107a, hobi je kojim se bavi 18-godi\u0161nji\u00a0Filip Had\u017eiahmetovi\u0107, u\u010denik Druge gimnazije u Sarajevu.<\/p>\n<p>\u201cZa uspomenu i dugo sje\u0107anje mojoj miloj Emiri\u201d, napisao je jo\u0161 1940. godine Meho Sara\u010devi\u0107.<\/p>\n<p><img decoding=\"async\" class=\"alignnone size-full wp-image-97296 jetpack-lazy-image jetpack-lazy-image--handled\" src=\"https:\/\/i1.wp.com\/akos.ba\/wp-content\/uploads\/2019\/06\/20190615_2_36903574_45316878_Web-e1560589380513.jpg?resize=640%2C420\" alt=\"\" \/><\/p>\n<p>\u201cPrije dvije godine po\u010deo sam da se bavim kolekcionarstvom. Kao u\u010denika me mnogo zainteresovalo istra\u017eivanje historije ovog podru\u010dja. Tako da sam prije par godina po\u010deo ne samo s aktivnijim istra\u017eivanjem, nego i sakupljanjem predmeta\u201d, ispri\u010dao je Filip na po\u010detku razgovora za AA.<\/p>\n<p>Jo\u0161 kao dje\u010dak zanimao se za holivudske i partizanske filmove, memoare te se jako puno zanimao za Drugi svjetski rat. Me\u0111utim, za historiju BiH i Sarajeva intenzivnije se zainteresovao kada je po\u010deo raditi u Historijskom muzeju BiH.\u00a0Prvenstveno je po\u010deo s reparacijom nekih starih fotografija vezanih za BiH i Sarajevo.<\/p>\n<p>\u201c\u017delio sam na\u0161im ljudima pribli\u017eiti\u00a0ovaj period koji je jako bitan, a kojeg se ljudi jako lako odri\u010du. Meni je cilj da otvorim svoj minijaturni muzej, barem u ku\u0107i. Stvari koje me najvi\u0161e zanimaju vezane\u00a0su\u00a0za Sarajevo i BiH. Kada god imam priliku da kupim ne\u0161to i zamijenim se za neku fotografiju ili bilo kakvu dokumentaciju vezano za na\u0161 grad, to i uradim. Fotografije koje imam su meni jako bitne. One predstvaljaju na\u0161u historiju, kako je na\u0161 grad izgledao u Drugom svjetskom ratu\u201d, rekao je Filip.<\/p>\n<p>Na pole\u0111inama nekih fotografija mogu se vidjeti i li\u010dni crte\u017ei vojnika, ono \u0161to su oni vidjeli i \u0161to su poku\u0161avali zadr\u017eati u svom sje\u0107anju.<\/p>\n<p>\u201cNeki dokumenti su vezani i za Prvi svjetski rat. Iz tog rata je uglavnom dokumentacija, razglednice, zatim dokument \u2018Mar\u0161 Bo\u0161njaka\u2019. U svojoj kolekcije najvi\u0161e imam fotografija iz Drugog svjetskog rata. Na\u0161 grad je prolazio kroz mnoge promjene u tom periodu. Na tim fotografijama se nalaze i njema\u010dki oficiri, civili i gra\u0111evine. Fotografije koje su napravili njema\u010dki vojnici, turisti\u201d, pojasnio je Filip.<\/p>\n<p>U kolekciji fotografija, pisama, ordenja, \u0161ljemova i novina mladog Filipa nalaze se i predmeti iz privatne zbirke mnogih ljudi, a koje su zabilje\u017eene u periodu od 1940. do 1945. godine. Me\u0111u predmetima ima i onih koji poti\u010du jo\u0161 iz Prvog svjetskog rata.<\/p>\n<p>Kada je po\u010deo s prikupljanjem materijala iz Prvog i Drugog svjetskog rata po\u010deo se raspitivati po familiji i kod prijatelja da li neko od njih posjeduje ne\u0161to iz tog perioda.<\/p>\n<p>\u201cTada sam obilazio sela i gradove da na\u0111em te stvari. Tu su mi pomogli roditelji, djed i ujak. Te fotografije bi i danas trunule u nekoj seoskoj ku\u0107i. Na jednoj fotografiji je i moj pradjed dok je bio u austro-ugarskoj vojsci. Imao je samo 16 godina. Pre\u017eivio je i Prvi i Drugi svjetski rat\u201d, ispri\u010dao je Filip.<\/p>\n<div><\/div>\n<p><img decoding=\"async\" class=\"alignnone size-full wp-image-97294 jetpack-lazy-image jetpack-lazy-image--handled\" src=\"https:\/\/i0.wp.com\/akos.ba\/wp-content\/uploads\/2019\/06\/20190615_2_36903574_45316883_Web.jpg?resize=640%2C359\" srcset=\"https:\/\/i0.wp.com\/akos.ba\/wp-content\/uploads\/2019\/06\/20190615_2_36903574_45316883_Web.jpg?w=1200&amp;ssl=1 1200w, https:\/\/i0.wp.com\/akos.ba\/wp-content\/uploads\/2019\/06\/20190615_2_36903574_45316883_Web.jpg?resize=266%2C149&amp;ssl=1 266w\" alt=\"\" \/><\/p>\n<p>Na\u017ealost, smatra ovaj 18-godi\u0161njak, ljudi uop\u0107e ne cijene historiju i predmete koji poti\u010du iz tog perioda.<\/p>\n<p>\u201cAko mi ne ba\u0161tinimo na\u0161u historiju, ne cijenimo, te fotografije \u0107e se izgubiti. Preko kolekcionara sam dobio i neke predmete. Imam mre\u017eu ljudi s kojim aktivno vr\u0161im tu kupoprodaju i na taj na\u010din ve\u0107inom dolazim do tih predmeta. Posjedujem i njema\u010dke novine Adler iz Drugog svjetskog rata. One su u gotovo izvrsnom stanju\u201d, rekao je\u00a0Filip.<\/p>\n<p>Premeti koje kupuje su skupi, kako je kazao, ali odli\u010dna stvar, kada je kolekcionarstvo u pitanju, jeste to \u0161to se radi o hobiju koji je konstantno u porastu. Filip predmete kupuje zahvaljuju\u0107i d\u017eeparcu kojeg njegovi vr\u0161njaci tro\u0161e uglavnom na odje\u0107u ili zabavu.<\/p>\n<p>\u201cKada bi mi roditelji dali d\u017eeparac, morao sam odvojiti jedan dio sredstava na kolekcionarstvo, a drugi dio na u\u017einu. Nekada je kolekcionarstvo bilo i bitnije od u\u017eine\u201d, ispri\u010dao je Filip.<\/p>\n<p>Kako je kazao, samo od dvoje ljudi u BiH, kojima vjeruje, kupuje predmete za svoju kolekciju.<\/p>\n<p>akos.ba<\/p>\n","protected":false},"excerpt":{"rendered":"<p>Pisma, razglednice i vra\u0107anje u period od prije osam desetlje\u0107a, hobi je kojim se bavi 18-godi\u0161nji\u00a0Filip Had\u017eiahmetovi\u0107, u\u010denik Druge gimnazije u Sarajevu. \u201cZa uspomenu i dugo sje\u0107anje mojoj miloj Emiri\u201d, napisao je jo\u0161 1940. godine Meho Sara\u010devi\u0107. \u201cPrije dvije godine po\u010deo sam da se bavim kolekcionarstvom. Kao u\u010denika me mnogo zainteresovalo istra\u017eivanje historije ovog podru\u010dja. [&hellip;]<\/p>\n","protected":false},"author":59,"featured_media":10683,"comment_status":"open","ping_status":"closed","sticky":false,"template":"","format":"standard","meta":{"inline_featured_image":false,"footnotes":""},"categories":[47],"tags":[],"class_list":{"0":"post-10682","1":"post","2":"type-post","3":"status-publish","4":"format-standard","5":"has-post-thumbnail","7":"category-historija"},"acf":[],"_links":{"self":[{"href":"https:\/\/tvsensor.com\/api\/wp\/v2\/posts\/10682","targetHints":{"allow":["GET"]}}],"collection":[{"href":"https:\/\/tvsensor.com\/api\/wp\/v2\/posts"}],"about":[{"href":"https:\/\/tvsensor.com\/api\/wp\/v2\/types\/post"}],"author":[{"embeddable":true,"href":"https:\/\/tvsensor.com\/api\/wp\/v2\/users\/59"}],"replies":[{"embeddable":true,"href":"https:\/\/tvsensor.com\/api\/wp\/v2\/comments?post=10682"}],"version-history":[{"count":1,"href":"https:\/\/tvsensor.com\/api\/wp\/v2\/posts\/10682\/revisions"}],"predecessor-version":[{"id":10684,"href":"https:\/\/tvsensor.com\/api\/wp\/v2\/posts\/10682\/revisions\/10684"}],"wp:featuredmedia":[{"embeddable":true,"href":"https:\/\/tvsensor.com\/api\/wp\/v2\/media\/10683"}],"wp:attachment":[{"href":"https:\/\/tvsensor.com\/api\/wp\/v2\/media?parent=10682"}],"wp:term":[{"taxonomy":"category","embeddable":true,"href":"https:\/\/tvsensor.com\/api\/wp\/v2\/categories?post=10682"},{"taxonomy":"post_tag","embeddable":true,"href":"https:\/\/tvsensor.com\/api\/wp\/v2\/tags?post=10682"}],"curies":[{"name":"wp","href":"https:\/\/api.w.org\/{rel}","templated":true}]}}