{"id":10669,"date":"2019-06-14T17:26:30","date_gmt":"2019-06-14T17:26:30","guid":{"rendered":"https:\/\/senzor.ba\/?p=10669"},"modified":"2024-01-15T21:47:03","modified_gmt":"2024-01-15T20:47:03","slug":"kavazovic-bosna-je-ideja-koja-se-nosi-kao-vjera","status":"publish","type":"post","link":"https:\/\/tvsensor.com\/clanak\/kavazovic-bosna-je-ideja-koja-se-nosi-kao-vjera\/","title":{"rendered":"Kavazovi\u0107: Bosna je ideja koja se nosi kao vjera"},"content":{"rendered":"<p>&#8216;Mladi &#8211; promotori pozitivnih dru\u0161tvenih vrijednosti&#8217; tema je tre\u0107ih susreta Mre\u017ee mladih koji \u0107e biti odr\u017eani od 14. do 16. juna ove godine, a projekt \u0107e biti realiziran posjetom Rogatici, Priboju, Sjenici i Novom Pazaru.<\/p>\n<p>U Gazi Husrev-begovoj biblioteci u Sarajevu mladi su imali susret s reisu-l-ulemom Islamske zajednice u BiH Huseinom ef. Kavazovi\u0107em koji im je dao smjernice i upute u nadi da \u0107e im biti od koristi tokom dvodnevnog putovanja.<\/p>\n<p>Kazao je da ideja putovanja jeste ideja duhovnog i fizi\u010dkog preobra\u017eenja te da dana\u0161nje vrijeme karakterizira pojava tehnolo\u0161kog znanja koje bitno odre\u0111uje \u010dovjeka. No, on smatra da je to uzlet za naivne, privid, jer je \u010dovjeka gradila i izgradila vjera i povjerenje u Objavljenu rije\u010d, koju su govorili vjerovjesnici, &#8220;ona nam je postavila ciljeve i razvila nadu u Bo\u017eiju milost&#8221;.<\/p>\n<p>&#8220;Bez postojanja duhovnog jezgra, bez jasnih \u017eivotnih ciljeva prema kojima bismo se kretali, nikada ne\u0107emo do\u0107i do cilja&#8221;, podvukao je Kavazovi\u0107.<\/p>\n<p>Dodao je da osim straha od ratova, ugro\u017eavanja \u017eivotne sredine, pove\u0107anja jaza izme\u0111u bogatih i siroma\u0161nih i neizvjesne budu\u0107nosti, \u0161to nam je donijelo novo vrijeme, ljudima je potrebno novo putovanje, potraga za novim domom, novo otkrovenje lica Bo\u017eijeg koje \u0107e uliti snagu i probuditi nadu u ljudima.<\/p>\n<p>&#8220;Pred vama je vrijeme priprema za naporan i ozbiljan poduhvat gra\u0111enja prepoznatljive zgrade va\u0161ega duhovnog i fizi\u010dkog bratstva. Sile koje \u0107e vam stajati na putu ometat \u0107e vas i zavoditi. Tra\u017eit \u0107e od vas da uni\u0161tite pam\u0107enje o sebi, da zaboravite svoj identitet i pripadnost zemlji&#8230; Nemojte pristati na to. Uni\u0161tavanje pam\u0107enja je povratak u pro\u0161lost, i nije budu\u0107nost. Pro\u0161lost nemojte uni\u0161tavati, ali je nemojte ni idealizirati. Idealizacija pro\u0161losti je la\u017e, pogubna je, poput la\u017ene nade o budu\u0107nosti&#8221;, istakao je Kavazovi\u0107.<\/p>\n<p>Rad i stvarala\u0161tvo, naglasio je, osnova su na kojoj po\u010diva sloboda naroda, te se trebaju podjednako i slobodno osje\u0107ati muslimanima i Bo\u0161njacima, podjednako stanovnicima Balkana kao i Evrope. Poru\u010dio je mladima da ne dozvole da ih ograni\u010davaju, zatvaraju u vje\u0161ta\u010dke ograde i odre\u0111uju mjeru slobode.<\/p>\n<p>&#8220;Bosna je ideja koja se nosi kao vjera, autenti\u010dna je sa svim svojim duhovnim tradicijama koje mladima u svom materijalnom izrazu jednako pripadaju: i judaizam i kr\u0161\u0107anstvo i islam.\u00a0Bosna, to je zajedni\u010dka rije\u010d za sve njih. Neka vas ne zbunjuje njeno te\u0161ko naslije\u0111e, jer sudbina Bosne ne izvire primarno iz njega, ve\u0107 iz duha koji se ra\u0111a iz onoga \u0161to jo\u0161 nije bilo. To je njen zamr\u0161eni identitet kojeg nikada njeni du\u0161mani ne\u0107e razumjeti, a vi u njega morate vjerovati&#8221;, zaklju\u010dio je reis Kavazovi\u0107.<\/p>\n<p>Mre\u017ea mladih okuplja mlade iz med\u017elisa BiH, Hrvatske, Slovenije, Srbije i Crne Gore, koji \u0107e, kako su kazali \u0161ef Odjela za mektebsku nastavu mladih Enes Svraka i direktor Uprave za vjerske poslove Rijaseta IZ u BiH Ismail Smajlovi\u0107, promovirati pozitivne vrijednosti i vrline dru\u0161tva i vjere.<\/p>\n","protected":false},"excerpt":{"rendered":"<p>&#8216;Mladi &#8211; promotori pozitivnih dru\u0161tvenih vrijednosti&#8217; tema je tre\u0107ih susreta Mre\u017ee mladih koji \u0107e biti odr\u017eani od 14. do 16. juna ove godine, a projekt \u0107e biti realiziran posjetom Rogatici, Priboju, Sjenici i Novom Pazaru. U Gazi Husrev-begovoj biblioteci u Sarajevu mladi su imali susret s reisu-l-ulemom Islamske zajednice u BiH Huseinom ef. Kavazovi\u0107em koji [&hellip;]<\/p>\n","protected":false},"author":59,"featured_media":10670,"comment_status":"open","ping_status":"closed","sticky":false,"template":"","format":"standard","meta":{"inline_featured_image":false,"footnotes":""},"categories":[57],"tags":[],"class_list":{"0":"post-10669","1":"post","2":"type-post","3":"status-publish","4":"format-standard","5":"has-post-thumbnail","7":"category-religija"},"acf":[],"_links":{"self":[{"href":"https:\/\/tvsensor.com\/api\/wp\/v2\/posts\/10669","targetHints":{"allow":["GET"]}}],"collection":[{"href":"https:\/\/tvsensor.com\/api\/wp\/v2\/posts"}],"about":[{"href":"https:\/\/tvsensor.com\/api\/wp\/v2\/types\/post"}],"author":[{"embeddable":true,"href":"https:\/\/tvsensor.com\/api\/wp\/v2\/users\/59"}],"replies":[{"embeddable":true,"href":"https:\/\/tvsensor.com\/api\/wp\/v2\/comments?post=10669"}],"version-history":[{"count":1,"href":"https:\/\/tvsensor.com\/api\/wp\/v2\/posts\/10669\/revisions"}],"predecessor-version":[{"id":10671,"href":"https:\/\/tvsensor.com\/api\/wp\/v2\/posts\/10669\/revisions\/10671"}],"wp:featuredmedia":[{"embeddable":true,"href":"https:\/\/tvsensor.com\/api\/wp\/v2\/media\/10670"}],"wp:attachment":[{"href":"https:\/\/tvsensor.com\/api\/wp\/v2\/media?parent=10669"}],"wp:term":[{"taxonomy":"category","embeddable":true,"href":"https:\/\/tvsensor.com\/api\/wp\/v2\/categories?post=10669"},{"taxonomy":"post_tag","embeddable":true,"href":"https:\/\/tvsensor.com\/api\/wp\/v2\/tags?post=10669"}],"curies":[{"name":"wp","href":"https:\/\/api.w.org\/{rel}","templated":true}]}}