{"id":10666,"date":"2019-06-14T17:20:11","date_gmt":"2019-06-14T17:20:11","guid":{"rendered":"https:\/\/senzor.ba\/?p=10666"},"modified":"2024-01-15T21:47:03","modified_gmt":"2024-01-15T20:47:03","slug":"vise-od-300-izvodaca-na-festivalu-sevdalinko-u-srcu-te-nosim","status":"publish","type":"post","link":"https:\/\/tvsensor.com\/clanak\/vise-od-300-izvodaca-na-festivalu-sevdalinko-u-srcu-te-nosim\/","title":{"rendered":"Vi\u0161e od 300 izvo\u0111a\u010da na festivalu &#8216;Sevdalinko u srcu te nosim&#8217;"},"content":{"rendered":"<p>Festival &#8216;Sevdalinko u srcu te nosim&#8217;, koji njeguje tradiciju o\u010duvanja pjesme sevdalinke i tradicionalnih obi\u010daja, ove godine \u0107e biti odr\u017ean od 17. do 19. juna u Tuzli.<\/p>\n<p>Direktorica Festivala Ramiza Milkuni\u0107 najavila je na pres-konferenciji u\u010de\u0161\u0107e vi\u0161e od 300 izvo\u0111a\u010da, a posebno zadovoljstvo je izrazila \u0161to\u00a0ove godine po prvi put Festival otvara hor Srednje muzi\u010dke \u0161kole &#8220;\u010cestimir Du\u0161ek\u201c iz Tuzle i \u0161to \u0107e ta djeca,\u00a0muzi\u010dki obrazovana, ponijeti &#8220;\u0161tafetu\u201c o\u010duvanja sevdalinke.<\/p>\n<p>Ove godine u okviru Festivala bit \u0107e odr\u017eano i me\u0111unarodno takmi\u010denje harmonika\u0161a &#8220;Sevdalinko harmonikom opjevana\u201c, a najboljem harmonika\u0161u nagradu \u0107e po prvi put uru\u010diti vlasnici jedne od naj\u010duvenijih fabrika na svijetu za proizvodnju ovog instrumenta, Guerrini iz Italije.<\/p>\n<p>Na Festivalu \u0107e biti odr\u017eana i takmi\u010darska no\u0107 na kojoj \u0107e se 12 novih kompozicija boriti za nagradu koja nosi ime bh. interpretatora sevdalinke Safeta Isovi\u0107a.<\/p>\n<p>Organizaciju Festivala podr\u017eali su Federalno ministarstvo kulture i sporta, Grad Tuzla i Vlada TK-a, dok je pokrovitelj Dr\u017eavna komisija Bosne i Hercegovine sa saradnju sa UNESCO-m.<\/p>\n<p>Festival \u0107e biti odr\u017ean u Bosanskom kulturnom centru u Tuzli, a organizatori isti\u010du da, osim kompozicija, ono \u0161to je posebno interesantno za ovaj festival je i vizuelni identitet sevdalinke od plakata pa do izgleda same scene za koju je od po\u010detka odr\u017eavanja manifestacije zaslu\u017ean Hari Ejubovi\u0107, umjetni\u010dki rukovodilac BKC-a.<\/p>\n","protected":false},"excerpt":{"rendered":"<p>Festival &#8216;Sevdalinko u srcu te nosim&#8217;, koji njeguje tradiciju o\u010duvanja pjesme sevdalinke i tradicionalnih obi\u010daja, ove godine \u0107e biti odr\u017ean od 17. do 19. juna u Tuzli. Direktorica Festivala Ramiza Milkuni\u0107 najavila je na pres-konferenciji u\u010de\u0161\u0107e vi\u0161e od 300 izvo\u0111a\u010da, a posebno zadovoljstvo je izrazila \u0161to\u00a0ove godine po prvi put Festival otvara hor Srednje muzi\u010dke [&hellip;]<\/p>\n","protected":false},"author":59,"featured_media":10667,"comment_status":"open","ping_status":"closed","sticky":false,"template":"","format":"standard","meta":{"inline_featured_image":false,"footnotes":""},"categories":[48,46],"tags":[],"class_list":{"0":"post-10666","1":"post","2":"type-post","3":"status-publish","4":"format-standard","5":"has-post-thumbnail","7":"category-iz-fontane-muzicke-bastine","8":"category-kultura"},"acf":[],"_links":{"self":[{"href":"https:\/\/tvsensor.com\/api\/wp\/v2\/posts\/10666","targetHints":{"allow":["GET"]}}],"collection":[{"href":"https:\/\/tvsensor.com\/api\/wp\/v2\/posts"}],"about":[{"href":"https:\/\/tvsensor.com\/api\/wp\/v2\/types\/post"}],"author":[{"embeddable":true,"href":"https:\/\/tvsensor.com\/api\/wp\/v2\/users\/59"}],"replies":[{"embeddable":true,"href":"https:\/\/tvsensor.com\/api\/wp\/v2\/comments?post=10666"}],"version-history":[{"count":1,"href":"https:\/\/tvsensor.com\/api\/wp\/v2\/posts\/10666\/revisions"}],"predecessor-version":[{"id":10668,"href":"https:\/\/tvsensor.com\/api\/wp\/v2\/posts\/10666\/revisions\/10668"}],"wp:featuredmedia":[{"embeddable":true,"href":"https:\/\/tvsensor.com\/api\/wp\/v2\/media\/10667"}],"wp:attachment":[{"href":"https:\/\/tvsensor.com\/api\/wp\/v2\/media?parent=10666"}],"wp:term":[{"taxonomy":"category","embeddable":true,"href":"https:\/\/tvsensor.com\/api\/wp\/v2\/categories?post=10666"},{"taxonomy":"post_tag","embeddable":true,"href":"https:\/\/tvsensor.com\/api\/wp\/v2\/tags?post=10666"}],"curies":[{"name":"wp","href":"https:\/\/api.w.org\/{rel}","templated":true}]}}