{"id":10663,"date":"2019-06-14T16:48:56","date_gmt":"2019-06-14T16:48:56","guid":{"rendered":"https:\/\/senzor.ba\/?p=10663"},"modified":"2024-01-15T21:47:03","modified_gmt":"2024-01-15T20:47:03","slug":"bih-zbog-prirode-odabrana-za-jedini-europski-rally-ove-godine","status":"publish","type":"post","link":"https:\/\/tvsensor.com\/clanak\/bih-zbog-prirode-odabrana-za-jedini-europski-rally-ove-godine\/","title":{"rendered":"BiH zbog prirode odabrana za jedini europski rally ove godine"},"content":{"rendered":"<p>KTM Adventure Rally za 2019. godinu odabrao je Bosnu i Hercegovinu za jedini europski rally. Svake godine vode\u0107a svjetska kompanija u proizvodnji i prodaji motora KTM organizira \u0161est rallyja.<\/p>\n<p>Nevladina organizacija &#8220;Next Horizon&#8221; iz Sarajeva partner je u ovom projektu, gdje \u0107e 150 voza\u010da iz cijelog svijeta na svojim dvoto\u010dka\u0161ima od 18. do 20. juna imati priliku obi\u0107i bh. planine, rijeke, sela te do\u017eivjeti nezaboravno trodnevno iskustvo, saop\u0107eno je iz NVO &#8220;Next Horizon&#8221;.<\/p>\n<p>Iz te organizacije navode da je veliko zadovoljstvo i \u010dast kada jedna ozbiljna organizacija poput KTM-a prepozna prirodne potencijale BiH i od svih zemalja odabere upravo na\u0161u zemlju za rally.<\/p>\n<p>&#8221;Kada su nas kontaktirali \u017eeljeli su do\u017eivjeti nezaboravno iskustvo enduro vo\u017enje po BiH. Predlo\u017eili smo im rute, olimpijske planine, predivne dijelove Zelengore, Viso\u010dice, Lukomira, kanjon Rakitnice, koje \u0107e obilaziti tri dana i gdje je planirano svaki dan da pre\u0111u 150-250 km na motorima. Ovo je ujedno prilika da poka\u017eemo kakvu prirodu imamo, na koju zaista trebamo biti ponosni&#8221;, istaknuo je Armin Karad\u017ea iz Next Horizona.<\/p>\n<p>Kako isti\u010du u KTM-u, na Adventure Rallyju svi voza\u010di koji se prijave otkriju pravo zna\u010denje avanture i \u0161to to zna\u010di prihvatiti KTM duh. Svake godine odr\u017eava se \u0161est relija na \u0161est razli\u010ditih mjesta: Europa, Australija, Novi Zeland, Ju\u017ena Afrika, Kanada i SAD. To ujedno predstavlja \u0161est razli\u010ditih testova karaktera i vje\u0161tina.<\/p>\n<p>&#8221;Bosna i Hercegovina je odabrana za jedini europski rally ove godine, upravo zbog nevjerojatne prirode, izazovnih staza usred impresivnog pejza\u017ea prekrasnih planina, dubokih kanjona, ledeno hladnih planinskih jezera i rijeka. Kada smo stupili u kontakt sa &#8220;Next Horizonom&#8221; koji imaju iskustva kada je enduro sport u pitanju, predlo\u017eili su nam rute, do\u0161li smo u obilazak i ostali smo zate\u010deni. Nije bilo dileme, BiH je na\u0161 sljede\u0107i rally&#8221;, naglasio je Andreas Maier iz KTM-a.<\/p>\n<p>Ove godine, u\u010de\u0161\u0107e na rallyju potvrdio je Chris Birch &#8211; osam puta novozelandski Enduro prvak , trostruki pobjednik Roof of Africa i 2010. Red Bull Romaniacs laureat.<\/p>\n<p>Pridru\u017eit \u0107e mu se i Laia Sanz, 32-godi\u0161nja voza\u010dica iz \u0160panjolske, koju zovu i kraljicom pustinje. Ona ima vi\u0161e motociklisti\u010dkih titula od gotovo svih mu\u0161kih kolega iz Dakara. Osvojila je \u017eensko Svjetsko prvenstvo 13 puta, Europsko prvenstvo 10 puta. Bilje\u017ei devet impresivnih Dakar nastupa &#8211; uklju\u010duju\u0107i i deveto mjesto u ukupnom rezultatu 2015., \u0161to predstavlja najve\u0107e \u017eensko dostignu\u0107e u istoriji rallyja.<\/p>\n<p>Nakon KTM Adventure Rallyja u organizaciji &#8220;Next Horizona&#8221;, planirana je Hard enduro trka Days of Revenge na Bjela\u0161nici od 21. do 23. juna. Po \u0161esti put vje\u0161tine \u0107e odmjeriti najbolji enduro voza\u010di iz BiH i regije.<\/p>\n","protected":false},"excerpt":{"rendered":"<p>KTM Adventure Rally za 2019. godinu odabrao je Bosnu i Hercegovinu za jedini europski rally. Svake godine vode\u0107a svjetska kompanija u proizvodnji i prodaji motora KTM organizira \u0161est rallyja. Nevladina organizacija &#8220;Next Horizon&#8221; iz Sarajeva partner je u ovom projektu, gdje \u0107e 150 voza\u010da iz cijelog svijeta na svojim dvoto\u010dka\u0161ima od 18. do 20. juna [&hellip;]<\/p>\n","protected":false},"author":59,"featured_media":10664,"comment_status":"open","ping_status":"closed","sticky":false,"template":"","format":"standard","meta":{"inline_featured_image":false,"footnotes":""},"categories":[61],"tags":[],"class_list":{"0":"post-10663","1":"post","2":"type-post","3":"status-publish","4":"format-standard","5":"has-post-thumbnail","7":"category-sport"},"acf":[],"_links":{"self":[{"href":"https:\/\/tvsensor.com\/api\/wp\/v2\/posts\/10663","targetHints":{"allow":["GET"]}}],"collection":[{"href":"https:\/\/tvsensor.com\/api\/wp\/v2\/posts"}],"about":[{"href":"https:\/\/tvsensor.com\/api\/wp\/v2\/types\/post"}],"author":[{"embeddable":true,"href":"https:\/\/tvsensor.com\/api\/wp\/v2\/users\/59"}],"replies":[{"embeddable":true,"href":"https:\/\/tvsensor.com\/api\/wp\/v2\/comments?post=10663"}],"version-history":[{"count":1,"href":"https:\/\/tvsensor.com\/api\/wp\/v2\/posts\/10663\/revisions"}],"predecessor-version":[{"id":10665,"href":"https:\/\/tvsensor.com\/api\/wp\/v2\/posts\/10663\/revisions\/10665"}],"wp:featuredmedia":[{"embeddable":true,"href":"https:\/\/tvsensor.com\/api\/wp\/v2\/media\/10664"}],"wp:attachment":[{"href":"https:\/\/tvsensor.com\/api\/wp\/v2\/media?parent=10663"}],"wp:term":[{"taxonomy":"category","embeddable":true,"href":"https:\/\/tvsensor.com\/api\/wp\/v2\/categories?post=10663"},{"taxonomy":"post_tag","embeddable":true,"href":"https:\/\/tvsensor.com\/api\/wp\/v2\/tags?post=10663"}],"curies":[{"name":"wp","href":"https:\/\/api.w.org\/{rel}","templated":true}]}}