{"id":10602,"date":"2019-06-14T09:03:19","date_gmt":"2019-06-14T09:03:19","guid":{"rendered":"https:\/\/senzor.ba\/?p=10602"},"modified":"2024-01-15T21:47:03","modified_gmt":"2024-01-15T20:47:03","slug":"sta-ce-ministri-inostranih-poslova-eu-poruciti-balkanu","status":"publish","type":"post","link":"https:\/\/tvsensor.com\/clanak\/sta-ce-ministri-inostranih-poslova-eu-poruciti-balkanu\/","title":{"rendered":"\u0160ta \u0107e ministri inostranih poslova EU poru\u010diti Balkanu?"},"content":{"rendered":"<p>Ministri inostranih poslova zemalja \u010dlanica Evropske unije (EU) \u0107e 18. juna raspravljati o prilikama na Zapadnom Balkanu i trebalo bi da usvoje paket zaklju\u010daka koji su posve\u0107eni procesu pro\u0161irenja.<\/p>\n<p>Izvesno je da \u0107e goru\u0107a tema, koja se ti\u010de mogu\u0107eg otvaranja pristupnih pregovora izme\u0111u Brisela i Tirane odnosno Skoplja, biti predmet rasprave u jesenjem zasedanju, pa se kona\u010dna odluka o\u010dekuje tek u oktobru.<\/p>\n<p>Radio Slobodna Evropa (RSE) ima uvid u Nacrt zaklju\u010daka, koji \u0107e biti predmet rasprave na ministarskom sastanku. Nakon njihovog usvajanja na nivou ministara, ovi zaklju\u010dci bi trebali da se potvrde i na sastanku \u0161efova dr\u017eava i vlada EU, koji \u0107e biti odr\u017ean 20. i 21. juna.<\/p>\n<p>\u0160efovi diplomatija zemalja EU bi trebali putem ovog dokumenta ponoviti posve\u0107enost EU procesu pro\u0161irenja. O\u010dekuje se da \u0107e ministri podvu\u0107i va\u017enost da se &#8220;pravednom i rigoroznom uslovljavanju i principu sopstvenih zasluga te u kombinaciji sa kapacitetima EU, u svim svojim dimenzijama, integri\u0161u nove \u010dlanice&#8221;.<\/p>\n<p>Savet ministara \u0107e zatra\u017eiti od partnera na Zapadnom Balkanu da se vi\u0161e fokusiraju temeljne reforme, koje su neophodne za napredak u pregovorima o \u010dlanstvu.<\/p>\n<p>Poseban zahtev svim zemljama, koje su u procesu pro\u0161irenja, ti\u010de se vladavine prava, kao osnovne vrednosti na kojoj se temelji EU. Ministri inostranih poslova \u0107e putem zaklju\u010daka konstatovati da je veoma malo zemalja napredovalo u ovom smeru.<\/p>\n<p>&#8220;Verodostojan i odr\u017eiv napredak ostaje jedan od glavnih izazova koje treba prioritetno re\u0161iti, posebno u osiguravanju nezavisnog, nepristrasnog, odgovornog i efikasnog pravosu\u0111a te u borbi protiv korupcije i organizovanog kriminala, kao i pranja novca&#8221;, poru\u010di\u0107e \u0161efovi evropskih diplomatija.<\/p>\n<p>Izme\u0111u ostalog, oni \u0107e ista\u0107i va\u017enost regionalne saradnje kao klju\u010dnog elementa u procesu pro\u0161irenja, ali \u0107e i upozoriti zemlje kandidatkinje o neophodnosti uskla\u0111ivanja spoljne politike sa politikom EU.<\/p>\n<h2 class=\"wsw__h2\"><strong>Dijalog izme\u0111u Srbije i Kosova<\/strong><\/h2>\n<p>Posebnu poruku, \u0161efovi evropskih diplomatija \u0107e uputiti Srbiji i Kosovu o dijalogi i putem zaklju\u010daka \u0107e zatra\u017eiti ponovno pokretanje procesa u \u0161to kra\u0107em roku. Oceniv\u0161i da trenutni status quo nije odr\u017eiv, \u0161efovi diplomatija zemalja \u010dlanica EU \u0107e naglasiti da je postizanje sveobuhvatnog pravno-obavezuju\u0107eg sporazuma o normalizaciji odnosa klju\u010dno kako bi Srbija i Kosovo mogli napredovati na evropskom putu.<\/p>\n<p>Tako\u0111e, u zaklju\u010dcima \u0107e se ista\u0107i da je neophodno sprovesti sve sporazume koji su postignuti u okviru dijaloga. Dok se o\u010dekuje da se pozdravi dalja konsolidacija sporazuma o pravosu\u0111u i puna implementacija sporazuma o telekomunikacijama, Savet ministara \u0107e izraziti \u017ealjenje \u0161to nije postignut napredak u sprovo\u0111enju ranijih sporazuma o dijalogu, uklju\u010dujuc\u0301i Nacrt statuta Zajednice srpskih op\u0161tina na Kosovu; potpuna implementacija Sporazuma o integrisanom upravljanju granica (IBM), kao i odlu\u010dna implementacija Energetskog sporazuma.<\/p>\n<p>&#8220;Savet tako\u0111e izra\u017eava \u017ealjenje \u0161to most Mitrovica jo\u0161 nije otvoren za ceo saobrac\u0301aj, uprkos zavr\u0161etku radova na renoviranju&#8221;, stoji u Nacrtu zaklju\u010dka, koji \u0107e biti usvojeni narednog utorka.<\/p>\n<p>U okviru paketa zaklju\u010daka, obuhvataju se i zaklju\u010dci za svaku zemlju regiona pojedina\u010dno.<\/p>\n<h2 class=\"wsw__h2\"><strong>Bosna i Hercegovina<\/strong><\/h2>\n<p>EU ne\u0107e ovaj put niti raspravljati o mi\u0161ljenju Evropske komisije o spremnosti Bosne i Hercegovine da postane zemlja kandidatkinja, s obzirom da je nedostajala preporuka da zemlja zaslu\u017euje takav status.<\/p>\n<p>Umesto toga, Savet ministara EU \u0107e ohrabriti Bosnu i Hercegovinu da bez daljeg odlaganja nastavi sa formiranjem vlade, kako bi se sprovele potrebne reforme.<\/p>\n<p>&#8220;Partijska politika i nedostatak spremnosti za kompromis ne bi trebalo da blokiraju legitimne te\u017enje gra\u0111ana Bosne i Hercegovine da napreduju ka Evropskoj uniji&#8221;, poru\u010di\u0107e ministri EU.<\/p>\n<h2 class=\"wsw__h2\"><strong>Crna Gora<\/strong><\/h2>\n<p>Savet ministara \u0107e poru\u010diti Crnoj Gori da je sada klju\u010dno da \u010ditav sistem vladavine prava donese opipljivije oja\u010dane i odr\u017eive rezultate. Napredak u poglavljima koji se ti\u010du vladavine prava je, prema mi\u0161ljenju ministara, klju\u010dan i odredi\u0107e tempo pregovora o pristupanju.<\/p>\n<p>&#8220;Stoga, Crna Gora sada treba da proaktivno poja\u010da i oja\u010da reformske napore &#8211; posebno u kriti\u010dnim oblastima slobode medija, borbe protiv korupcije i trgovine ljudima&#8221;, poru\u010di\u0107e ministri inostranih poslova EU.<\/p>\n<p>Savet ministara EU \u0107e zatra\u017eiti od Crne Gore da poka\u017ee jasnu politi\u010dku volju i ulo\u017ei dodatne napore u borbi protiv korupcije i organizovanog kriminala, pranja novca i trgovine ljudima, uklju\u010dujuc\u0301i efikasne istrage, krivi\u010dna gonjenja i kona\u010dne presude, kao i da pobolj\u0161a zaplenu i konfiskaciju kriminalne imovine. Tako\u0111e je potreban sna\u017ean odgovor krivi\u010dnog pravosu\u0111a na korupciju na visokom nivou.<\/p>\n<p>Savet EU \u0107e putem zaklju\u010daka pozvati zvani\u010dnu Podgoricu da garantuje sigurnu klimu, pogodnu za slobodu izra\u017eavanja i nezavisnost medija, uklju\u010dujuc\u0301i poja\u010dane napore da se istra\u017ee i re\u0161e slu\u010dajevi napada na novinare.<\/p>\n<p>Prema Nacrtu zaklju\u010daka, ministri \u0107e pozitivno oceniti ekonomske reforme koje su izazvale &#8220;sna\u017ean ekonomski rast&#8221;, ulogu Crne Gore u regionalnoj saradnji, kao i potpuno uskla\u0111ivanje spoljne politike zemlje za politikom EU.<\/p>\n<h2 class=\"wsw__h2\"><strong>Kosovo<\/strong><\/h2>\n<p>Savet ministara EU \u0107e od kosovske Vlade zatra\u017eiti hitno ukidanje takse na uvoznu robu iz Srbije i Bosne i Hercegovine. Ovakve odluke, kako stoji u Nacrtu zaklju\u010daka, &#8220;podrivaju regionalnu saradnju, uklju\u010dujuc\u0301i i regionalnu ekonomsku zonu&#8221;.<\/p>\n<p>Usvojenim zaklju\u010dcima \u0107e ministri inostranih poslova zatra\u017eiti od kosovskih vlasti odlu\u010dnost u borbi protiv korupcije i organizovanog kriminala.<\/p>\n<p>&#8220;Savet je zabrinut zbog politi\u010dkog uplitanja i zapo\u0161ljavanja bez zasluga te \u017eali zbog imenovanja osoba osu\u0111enih za ratne zlo\u010dine na slu\u017ebene pozicije, \u0161to je u suprotnosti sa evropskim vrednostima&#8221;, stoji u Nacrtu zaklju\u010daka.<\/p>\n<p>Posebnu zabrinutost \u0107e ministri inostranih poslova izraziti zbog situacije na severu Kosova, koja predstavlja &#8220;poseban izazov u oblastima organizovanog kriminala, korupcije i slobode izra\u017eavanja&#8221;.<\/p>\n<p>Od pri\u0161tinskih vlasti \u0107e se zatra\u017eiti nastavak posve\u0107enosti saradnji sa Specijalnim sudom i pokazivanje istinskih napora da se garantuje vladavina prava, osnovne slobode, pravda i pomirenje.<\/p>\n<p>&#8220;Postojec\u0301i pravni okvir omoguc\u0301ava pravilnu istragu i krivi\u010dno gonjenje svih navodnih ratnih zlo\u010dina&#8221;, poru\u010di\u0107e Pri\u0161tini \u0161efovi evropskih diplomatija.<\/p>\n<h2 class=\"wsw__h2\"><strong>Srbija<\/strong><\/h2>\n<p>Savet ministara EU \u0107e ponovo upozoriti Srbiju da \u0107e njen napredak u pristupnom procesu zavisiti isklju\u010divo od napretka u polju vladavine prava i normalizacije odnosa sa Kosovom.<\/p>\n<p>Od zemlje \u0107e EU ministri zatra\u017eiti da se posebno fokusira i zna\u010dajno ubrza reformske napore i poka\u017ee konkretne i opipljive rezultate u fundamentalnim oblastima, sa posebnim fokusom na vladavinu prava.<\/p>\n<p>Kako stoji u Nacrtu zaklju\u010daka, Srbija treba da obezbedi nezavisno sudstvo te ostvari opipljive i odr\u017eive rezultate kroz efikasne istrage, krivi\u010dna gonjenja i kona\u010dne presude, posebno u pogledu borbe protiv korupcije, organizovanog kriminala i pranja novca.<\/p>\n<p>napora za istra\u017eivanje slu\u010dajeva napada na novinare.<\/p>\n<p>Od Srbije \u0107e se zatra\u017eiti spre\u010davanje veli\u010danja ratnih zlo\u010dinaca. Tako\u0111e \u0107e od tamo\u0161njih vlasti zatra\u017eiti potpuno po\u0161tovanje i implementaciju svih sudskih odluka iz Haga.<\/p>\n<p>Savet EU \u0107e ponoviti neophodnost da se Srbija uskladi sa zajedni\u010dkom spoljnom i bezbednosnom politikom EU; od zemlje \u0107e se tra\u017eiti da ne odstupi od zajedni\u010dke politike viza te da nastavi sa naporima u ja\u010danju regionalne saradnje.<\/p>\n<p>RSE<\/p>\n","protected":false},"excerpt":{"rendered":"<p>Ministri inostranih poslova zemalja \u010dlanica Evropske unije (EU) \u0107e 18. juna raspravljati o prilikama na Zapadnom Balkanu i trebalo bi da usvoje paket zaklju\u010daka koji su posve\u0107eni procesu pro\u0161irenja. Izvesno je da \u0107e goru\u0107a tema, koja se ti\u010de mogu\u0107eg otvaranja pristupnih pregovora izme\u0111u Brisela i Tirane odnosno Skoplja, biti predmet rasprave u jesenjem zasedanju, pa [&hellip;]<\/p>\n","protected":false},"author":59,"featured_media":10605,"comment_status":"open","ping_status":"closed","sticky":false,"template":"","format":"standard","meta":{"inline_featured_image":false,"footnotes":""},"categories":[40],"tags":[],"class_list":{"0":"post-10602","1":"post","2":"type-post","3":"status-publish","4":"format-standard","5":"has-post-thumbnail","7":"category-region"},"acf":[],"_links":{"self":[{"href":"https:\/\/tvsensor.com\/api\/wp\/v2\/posts\/10602","targetHints":{"allow":["GET"]}}],"collection":[{"href":"https:\/\/tvsensor.com\/api\/wp\/v2\/posts"}],"about":[{"href":"https:\/\/tvsensor.com\/api\/wp\/v2\/types\/post"}],"author":[{"embeddable":true,"href":"https:\/\/tvsensor.com\/api\/wp\/v2\/users\/59"}],"replies":[{"embeddable":true,"href":"https:\/\/tvsensor.com\/api\/wp\/v2\/comments?post=10602"}],"version-history":[{"count":1,"href":"https:\/\/tvsensor.com\/api\/wp\/v2\/posts\/10602\/revisions"}],"predecessor-version":[{"id":10608,"href":"https:\/\/tvsensor.com\/api\/wp\/v2\/posts\/10602\/revisions\/10608"}],"wp:featuredmedia":[{"embeddable":true,"href":"https:\/\/tvsensor.com\/api\/wp\/v2\/media\/10605"}],"wp:attachment":[{"href":"https:\/\/tvsensor.com\/api\/wp\/v2\/media?parent=10602"}],"wp:term":[{"taxonomy":"category","embeddable":true,"href":"https:\/\/tvsensor.com\/api\/wp\/v2\/categories?post=10602"},{"taxonomy":"post_tag","embeddable":true,"href":"https:\/\/tvsensor.com\/api\/wp\/v2\/tags?post=10602"}],"curies":[{"name":"wp","href":"https:\/\/api.w.org\/{rel}","templated":true}]}}